{"id":8519,"date":"2020-08-06T08:52:21","date_gmt":"2020-08-06T06:52:21","guid":{"rendered":"http:\/\/eromakia.fr\/?p=8519"},"modified":"2021-11-13T10:41:21","modified_gmt":"2021-11-13T09:41:21","slug":"fonctionnaires-de-la-victimitude-le-feminisme-anti-art","status":"publish","type":"post","link":"https:\/\/eromakia.fr\/index.php\/2020\/08\/06\/fonctionnaires-de-la-victimitude-le-feminisme-anti-art\/","title":{"rendered":"[Fonctionnaires de la victimitude] \u2013 Le f\u00e9minisme anti-art"},"content":{"rendered":"\n<p>R\u00e9jane S\u00e9nac, directrice d&rsquo;\u00e9tudes au CNRS et f\u00e9ministe radicale, vient de prendre sa plume pour r\u00e9pondre (assez piteusement, il faut le reconna\u00eetre) \u00e0 la brillante tribune de Mazarine Pingeot au sujet des nouveaux combats f\u00e9ministes : <a href=\"https:\/\/www.lemonde.fr\/idees\/article\/2020\/07\/28\/mazarine-pingeot-ce-mortel-ennui-qui-me-vient_6047461_3232.html\">\u00ab\u00a0Ce mortel ennui qui me vient\u2026\u00a0\u00bb<\/a> (<em>Le Monde<\/em>, 28\/07\/20). <\/p>\n\n\n\n<p>Si le titre de sa r\u00e9ponse se veut manifeste : <a href=\"https:\/\/www.liberation.fr\/debats\/2020\/07\/31\/feminisme-l-egalite-ne-peut-etre-que-radicale_1795724\">\u00ab\u00a0F\u00e9minisme&nbsp;: l\u2019\u00e9galit\u00e9 ne peut \u00eatre que radicale\u00a0\u00bb<\/a>, (<em>Lib\u00e9ration<\/em>, 31\/07\/20), le corps de sa tribune n&rsquo;est au mieux que l&rsquo;ordinaire litanie de la complainte victimaire \u00e0 base de \u00ab\u00a0domination syst\u00e9mique\u00a0\u00bb assaisonn\u00e9e ici d&rsquo;un verbiage \u00e0 la limite du compr\u00e9hensible : \u00ab\u00a0Les divergences dans son appr\u00e9hension comme un principe formel qui ne doit pas faire de l\u2019ombre \u00e0 la libert\u00e9 ou comme un principe portant une libert\u00e9 de non-domination&#8230;  gneu gneu gneu&#8230; dominant\u00b7e\u00b7s\u00a0\u00bb, han.<\/p>\n\n\n\n<p><\/p>\n\n\n\n<p>\u00ab\u00a0Comment comprendre alors la s\u00e9quence actuelle de discr\u00e9dit des mobilisations f\u00e9ministes ?\u00a0\u00bb, se demande-t-elle tout de m\u00eame du haut de sa citadelle bobo\u00efde, totalement aveugle (ou de mauvaise foi) devant l&rsquo;\u00e9talage pourtant  flagrant des <a href=\"https:\/\/eromakia.fr\/index.php\/2020\/07\/12\/la-culture-du-viol-culture-du-harcelement-et-de-la-delation-feministes\/\">continuelles bassesses (n\u00e9o)f\u00e9ministes<\/a>. Mais il est certain que ce n&rsquo;est pas en se cantonnant aux grilles de lecture \u00e9cul\u00e9es du post-marxisme \u00e0 la <a href=\"https:\/\/fr.wikipedia.org\/wiki\/La_Domination_masculine\">Bourdieu<\/a>, du post-structuralisme \u00e0 la Foucault, de l&rsquo;id\u00e9ologie du genre ou du f\u00e9minisme intersectionnel derri\u00e8re lequel elle court d\u00e9sormais, conformisme oblige, qu&rsquo;elle risque d&rsquo;y comprendre quoi que ce soit.<\/p>\n\n\n\n<p>Comme attendu, toute son explication tient dans les \u00e9l\u00e9ments de langage moisis du f\u00e9minisme mainstream sur la \u00ab\u00a0<em>perp\u00e9tuation des in\u00e9galit\u00e9s et des violences syst\u00e9miques<\/em>\u00a0\u00bb \u2013 c&rsquo;est-\u00e0-dire les mots-valises et le moulin \u00e0 pri\u00e8res du Politburo du Parti Officiel de la Pleurnicherie Syst\u00e9mique (d\u00e9sormais nouvelle annexe du CNRS). Et en avant pour le \u00ab\u00a0<em>syst\u00e8me de domination\u00a0\u00bb<\/em>, ce victimisme rassot\u00e9 qui co\u00fbte d&rsquo;autant moins cher en recherches et v\u00e9rifications scientifiques qu&rsquo;il  est de toute fa\u00e7on interdit de s&rsquo;exprimer en dehors de la ligne du parti.<\/p>\n\n\n\n<p>Je passe sur les quelques attaques envers la <em>\u00ab\u00a0Tribune des 100\u00a0\u00bb<\/em> <a href=\"https:\/\/eromakia.fr\/index.php\/critique-du-neo-feminisme\/je-peux-temoigner-que-du-viol-on-sen-sort\/\">que je soutiens depuis le d\u00e9but<\/a> ou envers Mazarine, qui aurait \u00e9t\u00e9 la t\u00e9moin de mariage de Christophe Girard, ce qui expliquerait tout, ou encore l&rsquo;incontournable argument-massue des \u00ab\u00a0violences conjugales\u00a0\u00bb (voir \u00e0 ce sujet <a href=\"https:\/\/eromakia.fr\/index.php\/2019\/07\/05\/lexploitation-feministe-des-violences-conjugales\/\">\u00ab\u00a0L&rsquo;exploitation f\u00e9ministe des violences conjugales\u00a0\u00bb<\/a>).<\/p>\n\n\n\n<p>Au milieu de ces vieilles antiennes et de ce catalogue de lieux communs du f\u00e9minisme fonctionnaris\u00e9, je retiens surtout l&rsquo;<strong>argumentaire contre l&rsquo;art<\/strong>, une diatribe qui me touche d&rsquo;autant plus qu&rsquo;elle forme un des volets principaux de mon site (voir ma page-portail : <a href=\"https:\/\/eromakia.fr\/index.php\/de-lart-ou-du-cochon-les-nus-feminins-dans-lart\/\">De l&rsquo;art ou du cochon : les f\u00e9ministes au mus\u00e9e<\/a>). <\/p>\n\n\n\n<p>En r\u00e9ponse \u00e0 Mazarine qui se demandait dans sa tribune  ce que pourrait devenir l&rsquo;art gorg\u00e9 de moralisation \u2013 \u00ab&nbsp;des livrets de vertu qu&rsquo;on distribuera au seuil des nouvelles \u00e9glises ? \u00bb,  R\u00e9jane S\u00e9nac r\u00e9pond que \u00ab\u00a0face \u00e0 la tentation au repli dans des sc\u00e9narios rassurants peupl\u00e9s de boucs \u00e9missaires, de sauveurs et d\u2019<em>ic\u00f4nes artistiques \u00e0 pr\u00e9server<\/em>, l\u2019utopie concr\u00e8te d\u2019un commun, apais\u00e9 et heureux car juste, est d\u00e9j\u00e0 port\u00e9e avec lucidit\u00e9 comme un horizon exigeant mais souhaitable (bla bla bla)\u00a0\u00bb. <\/p>\n\n\n\n<p>Et un peu plus loin : \u00ab\u00a0<em>La d\u00e9fense de l\u2019art et des cr\u00e9ateurs <\/em>comme incarnant l\u00e9gitimement une libert\u00e9 sans limite, un monde vertueusement hors la loi, est int\u00e9ressante car elle participe d\u2019une <em>d\u00e9politisation esth\u00e9tisante de notre h\u00e9ritage et des violences sur lesquels il repose et qu\u2019il magnifie<\/em>.\u00a0\u00bb<\/p>\n\n\n\n<p>Nous y voil\u00e0 donc. L&rsquo;art occidental (et au-del\u00e0, \u00ab\u00a0notre h\u00e9ritage\u00a0\u00bb) est bien \u00e0 attaquer et d\u00e9construire sans \u00e9tats d&rsquo;\u00e2me puisqu&rsquo;en gros, il se contente de <em>\u00ab\u00a0magnifier des violences\u00a0\u00bb<\/em>. Que c&rsquo;est simpliste, r\u00e9ducteur et mal inform\u00e9 !<\/p>\n\n\n\n<p>Rien de bien nouveau, en v\u00e9rit\u00e9, car R. S\u00e9nac se contente ici d&rsquo;\u00e2nonner le vieux postulat du f\u00e9minisme radical sur l&rsquo;art, une rengaine de plus de cinquante ans d&rsquo;\u00e2ge d\u00e9j\u00e0. En 1970 en effet, le livre de Kate Millett, <em>La politique du m\u00e2le, <\/em>avait initi\u00e9 ce que Camille Paglia appelait \u00ab\u00a0<strong>le style stalinien de l\u2019analyse f\u00e9ministe, une forme de vandalisme.<\/strong> Bottes militaires aux pieds, il foule les grandes \u0153uvres de la litt\u00e9rature et de l\u2019art en cochant, stylo rouge \u00e0 la main&nbsp;: \u00ab&nbsp;raciste&nbsp;\u00bb, \u00ab&nbsp;sexiste&nbsp;\u00bb, \u00ab&nbsp;homophobe&nbsp;\u00bb, et en d\u00e9cr\u00e9tant p\u00e9remptoirement ce qu\u2019il faudrait en garder et ce dont il faudrait se d\u00e9barrasser&nbsp;\u00bb [Camille Paglia,&nbsp;<em>Femmes libres, hommes libres<\/em>, Laval (Qc), 2019 (conf\u00e9rence de 1997), p. 188].<\/p>\n\n\n\n<p>R\u00e9pondant \u00e0 son tour \u00e0 la tribune de Mazarine, le m\u00eame pr\u00eachi-pr\u00eacha larmoyant est<a href=\"https:\/\/www.huffingtonpost.fr\/entry\/ce-qui-vous-ennuie-vraiment-mazarine-pingeot-cest-detre-a-votre-tour-importunee_fr_5f27d65fc5b6a34284bcff8d\"> r\u00e9cit\u00e9 par Martine Delvaux<\/a>, profes.seur.r.e en <em>Gender Shit<\/em> au Qu\u00e9bec, sous la forme d&rsquo;un tout aussi indigeste charabia en inclusive o\u00f9 elle ose m\u00eame parler \u00ab\u00a0d&rsquo;insultes envers les femmes\u00a0\u00bb \u2013 confondant hypocritement (ou b\u00eatement) deux notions totalement diff\u00e9rentes (\u00ab\u00a0femme\u00a0\u00bb et \u00ab\u00a0n\u00e9o-f\u00e9ministe\u00a0\u00bb), alors que M. Pingeot parlait uniquement de <em>n\u00e9of\u00e9ministes<\/em>. Il s&rsquo;agit l\u00e0 de l&rsquo;habituelle confusion (ou manipulation) intellectuelle des id\u00e9logues universitaires du genre (lire \u00e0 ce sujet : <a href=\"https:\/\/eromakia.fr\/index.php\/2020\/06\/28\/amalgames-faciles-lantifeminisme-nest-pas-la-misogynie\/\">\u00ab\u00a0[Amalgames faciles] \u2013 L\u2019antif\u00e9minisme n\u2019est PAS la misogynie\u00a0\u00bb<\/a>). Et de ressasser les m\u00eames vieilles lunes mit\u00e9es sur l&rsquo;art : \u00ab\u00a0Toute la vie on nous fait lire les m\u00eames \u0153uvres de la&nbsp;grande&nbsp;litt\u00e9rature, cet art qu\u2019il faut \u00e0 tout prix prot\u00e9ger contre ce qu\u2019on appelle la vertu. Comme si l\u2019art \u00e9tait libre. <em>Comme s\u2019il se tenait \u00e0 l\u2019ext\u00e9rieur du politique<\/em>, et que le politique, lui, \u00e9tait toujours ailleurs qu\u2019ici.\u00a0\u00bb<\/p>\n\n\n\n<p>Camille Paglia ayant d\u00e9j\u00e0 r\u00e9pondu \u00e0 tout cela, je ne peux que partager son approche de l&rsquo;art, autrement plus profonde que ces mises \u00e0 l&rsquo;index de vieilles paroissiennes s&rsquo;effor\u00e7ant de nous faire boire leur vinaigre : \u00ab&nbsp;Ce qui pour moi remplace la religion, c\u2019est l\u2019art, que j\u2019ai \u00e9largi pour y inclure toute la culture populaire. Mais <strong><em>lorsque l\u2019on r\u00e9duit l\u2019art \u00e0 la politique<\/em>, <\/strong>comme on le fait syst\u00e9matiquement \u00e0 l\u2019universit\u00e9 depuis quarante ans,<strong> <em>sa<\/em><\/strong><em> <strong>dimension spirituelle dispara\u00eet<\/strong><\/em>. Il est grossi\u00e8rement r\u00e9ducteur de pr\u00e9tendre que, dans l\u2019histoire de l\u2019art, la valeur a toujours \u00e9t\u00e9 d\u00e9termin\u00e9e par les jeux de pouvoir d\u2019une \u00e9lite sociale op\u00e9rant en circuit ferm\u00e9. (\u2026). On ne peut gu\u00e8re appeler civilisation une soci\u00e9t\u00e9 qui ne respecte ni la religion ni l\u2019art&nbsp;\u00bb [Camille Paglia,&nbsp;<em>Femmes libres, hommes libres<\/em>, Laval (Qc), 2019, p. 376-77, reprint et traduction de <a href=\"https:\/\/quillette.com\/2018\/11\/10\/camille-paglia-its-time-for-a-new-map-of-the-gender-world\/\">\u00ab\u00a0It\u2019s Time for a New Map of the Gender World\u00a0\u00bb<\/a>, <em>Quillette<\/em>, 2018 ].<\/p>\n\n\n\n<p>Mais il est de bon ton aujourd&rsquo;hui de s&rsquo;en pendre non seulement \u00e0 l&rsquo;art occidental, mais \u00e0 l&rsquo;universalisme, comme en t\u00e9moigne aussi cet article r\u00e9cent du <em>Quotidien de l&rsquo;art<\/em> (<a href=\"https:\/\/www.lequotidiendelart.com\/articles\/18163-l-universalisme-des-mus%C3%A9es-fait-d%C3%A9bat.html\">\u00ab\u00a0L\u2019universalisme des mus\u00e9es fait d\u00e9bat\u00a0\u00bb<\/a>, 23\/07\/20), baragouin\u00e9 comme il se doit en \u00e9pic\u00e8ne pour faire all\u00e9geance \u00e0 la nouvelle police de la pens\u00e9e f\u00e9ministe et d\u00e9coloniale : \u00ab\u00a0Pour les anti-universalistes, le mus\u00e9e \u00e0 la Malraux, baignant l\u2019objet dans une aura \u00e9gale, lisse les diff\u00e9rences tout en donnant l\u2019illusion que le mus\u00e9e permettrait un acc\u00e8s de l\u2019art \u00ab de tous \u00e0 tous \u00bb&nbsp;: or on sait, depuis Bourdieu, l\u2019acc\u00e8s in\u00e9gal aux savoirs, et aux mus\u00e9es en particulier.&nbsp;\u00a0\u00bb <\/p>\n\n\n\n<p>Et revoil\u00e0 de nouveau \u00ab\u00a0l&rsquo;assommant Bourdieu\u00a0\u00bb, comme dit Paglia, cette \u00ab\u00a0idole que l&rsquo;on a fait mousser et dont on continue de gaver les \u00e9tudiants\u00a0\u00bb, qui  avait en r\u00e9alit\u00e9 \u00ab\u00a0bien peu \u00e0 dire sur l&rsquo;art\u00a0\u00bb (<em>op. cit.<\/em>, p.  277). Les analyses de Bourdieu, <a href=\"https:\/\/www.causeur.fr\/pierre-bourdieu-pietre-penseur-politique-17991\">proph\u00e8te narcissique autoproclam\u00e9 en d\u00e9licatesse avec le r\u00e9el et pi\u00e8tre politique<\/a>, pas plus que celles de Foucault et des post-structuralistes, ne nous renseignent v\u00e9ritablement sur le monde r\u00e9el, l&rsquo;histoire ou l&rsquo;anthropologie : \u00ab&nbsp;L\u2019une des nombreuses failles dans le syst\u00e8me de Foucault est son i<em>ncapacit\u00e9 \u00e0 saisir la pens\u00e9e symbolique<\/em>, ce pourquoi le post-structuralisme est un outil aussi peu commode pour aborder l\u2019art&nbsp;\u00bb (<em>op. cit.<\/em>, p. 282).<\/p>\n\n\n\n<p>Tout r\u00e9duire au sexe, \u00e0 la couleur de peau ou au paradigme jamais questionn\u00e9 de la domination\/victimisation universelles est bien l&rsquo;approche la plus pauvre et la plus d\u00e9solante qui soit de l&rsquo;\u00e9pop\u00e9e humaine, de son expression artistique et de la coop\u00e9ration continue entre les sexes pour la survie du genre humain. Cette approche victimaire et parano\u00efaque de la vie sur terre est probablement ce que je d\u00e9teste le plus profond\u00e9ment dans le f\u00e9minisme radical (ou anti-patriarcal, puisque c&rsquo;est la m\u00eame chose) .<\/p>\n\n\n\n<figure class=\"wp-block-image size-large\"><img loading=\"lazy\" decoding=\"async\" width=\"550\" height=\"518\" src=\"https:\/\/eromakia.fr\/wp-content\/uploads\/2020\/08\/rejane3-1-2.jpg\" alt=\"\" class=\"wp-image-8525\" srcset=\"https:\/\/eromakia.fr\/wp-content\/uploads\/2020\/08\/rejane3-1-2.jpg 550w, https:\/\/eromakia.fr\/wp-content\/uploads\/2020\/08\/rejane3-1-2-300x283.jpg 300w\" sizes=\"auto, (max-width: 550px) 100vw, 550px\" \/><\/figure>\n\n\n\n<p>[\u00e0 suivre&#8230;]<\/p>\n\n\n\n<ul class=\"wp-block-list\"><li><strong>Voir aussi : <\/strong><\/li><li><strong>Sur l&rsquo;universit\u00e9 aux mains du f\u00e9minisme radical :<\/strong><\/li><\/ul>\n\n\n\n<figure class=\"wp-block-embed-wordpress wp-block-embed is-type-wp-embed is-provider-eromakia\"><div class=\"wp-block-embed__wrapper\">\n<blockquote class=\"wp-embedded-content\" data-secret=\"HwtTzjqxUS\"><a href=\"https:\/\/eromakia.fr\/index.php\/la-terreur-feministe-a-luniversite\/\">La terreur f\u00e9ministe \u00e0 l&rsquo;universit\u00e9<\/a><\/blockquote><iframe loading=\"lazy\" class=\"wp-embedded-content\" sandbox=\"allow-scripts\" security=\"restricted\" style=\"position: absolute; clip: rect(1px, 1px, 1px, 1px);\" title=\"\u00ab\u00a0La terreur f\u00e9ministe \u00e0 l&rsquo;universit\u00e9\u00a0\u00bb &#8212; Eromakia\" src=\"https:\/\/eromakia.fr\/index.php\/la-terreur-feministe-a-luniversite\/embed\/#?secret=1kQe8CDc9W#?secret=HwtTzjqxUS\" data-secret=\"HwtTzjqxUS\" width=\"525\" height=\"296\" frameborder=\"0\" marginwidth=\"0\" marginheight=\"0\" scrolling=\"no\"><\/iframe>\n<\/div><\/figure>\n\n\n\n<figure class=\"wp-block-embed-wordpress wp-block-embed is-type-wp-embed is-provider-eromakia\"><div class=\"wp-block-embed__wrapper\">\n<blockquote class=\"wp-embedded-content\" data-secret=\"sYiMS2kQie\"><a href=\"https:\/\/eromakia.fr\/index.php\/2019\/06\/29\/patriarcat-imaginaire-les-feministes-du-mandarobs-actionnent-leur-bouclier-psychique-anti-lemuriens\/\">[Patriarcat imaginaire] \u2013 L&rsquo;Obs veut nous vendre \u00e0 tout prix la \u00ab\u00a0domination masculine\u00a0\u00bb<\/a><\/blockquote><iframe loading=\"lazy\" class=\"wp-embedded-content\" sandbox=\"allow-scripts\" security=\"restricted\" style=\"position: absolute; clip: rect(1px, 1px, 1px, 1px);\" title=\"\u00ab\u00a0[Patriarcat imaginaire] \u2013 L&rsquo;Obs veut nous vendre \u00e0 tout prix la \u00ab\u00a0domination masculine\u00a0\u00bb\u00a0\u00bb &#8212; Eromakia\" src=\"https:\/\/eromakia.fr\/index.php\/2019\/06\/29\/patriarcat-imaginaire-les-feministes-du-mandarobs-actionnent-leur-bouclier-psychique-anti-lemuriens\/embed\/#?secret=gpduiFrGYp#?secret=sYiMS2kQie\" data-secret=\"sYiMS2kQie\" width=\"525\" height=\"296\" frameborder=\"0\" marginwidth=\"0\" marginheight=\"0\" scrolling=\"no\"><\/iframe>\n<\/div><\/figure>\n\n\n\n<figure class=\"wp-block-embed-wordpress wp-block-embed is-type-wp-embed is-provider-eromakia\"><div class=\"wp-block-embed__wrapper\">\n<blockquote class=\"wp-embedded-content\" data-secret=\"R2FvUuuEat\"><a href=\"https:\/\/eromakia.fr\/index.php\/2019\/06\/29\/patriarcat-imaginaire-les-feministes-du-mandarobs-actionnent-leur-bouclier-psychique-anti-lemuriens\/\">[Patriarcat imaginaire] \u2013 L&rsquo;Obs veut nous vendre \u00e0 tout prix la \u00ab\u00a0domination masculine\u00a0\u00bb<\/a><\/blockquote><iframe loading=\"lazy\" class=\"wp-embedded-content\" sandbox=\"allow-scripts\" security=\"restricted\" style=\"position: absolute; clip: rect(1px, 1px, 1px, 1px);\" title=\"\u00ab\u00a0[Patriarcat imaginaire] \u2013 L&rsquo;Obs veut nous vendre \u00e0 tout prix la \u00ab\u00a0domination masculine\u00a0\u00bb\u00a0\u00bb &#8212; Eromakia\" src=\"https:\/\/eromakia.fr\/index.php\/2019\/06\/29\/patriarcat-imaginaire-les-feministes-du-mandarobs-actionnent-leur-bouclier-psychique-anti-lemuriens\/embed\/#?secret=v7p8UrLVQU#?secret=R2FvUuuEat\" data-secret=\"R2FvUuuEat\" width=\"525\" height=\"296\" frameborder=\"0\" marginwidth=\"0\" marginheight=\"0\" scrolling=\"no\"><\/iframe>\n<\/div><\/figure>\n\n\n\n<ul class=\"wp-block-list\"><li><strong>Sur le f\u00e9minisme et l&rsquo;art :<\/strong><\/li><\/ul>\n\n\n\n<figure class=\"wp-block-embed-wordpress wp-block-embed is-type-wp-embed is-provider-eromakia\"><div class=\"wp-block-embed__wrapper\">\n<blockquote class=\"wp-embedded-content\" data-secret=\"ESLHAgeWaV\"><a href=\"https:\/\/eromakia.fr\/index.php\/de-lart-ou-du-cochon-les-nus-feminins-dans-lart\/\">De l&rsquo;art ou du cochon \u2013 Les f\u00e9ministes au mus\u00e9e<\/a><\/blockquote><iframe loading=\"lazy\" class=\"wp-embedded-content\" sandbox=\"allow-scripts\" security=\"restricted\" style=\"position: absolute; clip: rect(1px, 1px, 1px, 1px);\" title=\"\u00ab\u00a0De l&rsquo;art ou du cochon \u2013 Les f\u00e9ministes au mus\u00e9e\u00a0\u00bb &#8212; Eromakia\" src=\"https:\/\/eromakia.fr\/index.php\/de-lart-ou-du-cochon-les-nus-feminins-dans-lart\/embed\/#?secret=fZGk83ysHx#?secret=ESLHAgeWaV\" data-secret=\"ESLHAgeWaV\" width=\"525\" height=\"296\" frameborder=\"0\" marginwidth=\"0\" marginheight=\"0\" scrolling=\"no\"><\/iframe>\n<\/div><\/figure>\n\n\n\n<p><\/p>\n","protected":false},"excerpt":{"rendered":"<p>R\u00e9jane S\u00e9nac, directrice d&rsquo;\u00e9tudes au CNRS et f\u00e9ministe radicale, vient de prendre sa plume pour r\u00e9pondre (assez piteusement, il faut le reconna\u00eetre) \u00e0 la brillante tribune de Mazarine Pingeot au sujet des nouveaux combats f\u00e9ministes : \u00ab\u00a0Ce mortel ennui qui me vient\u2026\u00a0\u00bb (Le Monde, 28\/07\/20). Si le titre de sa r\u00e9ponse se veut manifeste : &hellip; <\/p>\n<p class=\"link-more\"><a href=\"https:\/\/eromakia.fr\/index.php\/2020\/08\/06\/fonctionnaires-de-la-victimitude-le-feminisme-anti-art\/\" class=\"more-link\">Continuer la lecture<span class=\"screen-reader-text\"> de &laquo;&nbsp;[Fonctionnaires de la victimitude] \u2013 Le f\u00e9minisme anti-art&nbsp;&raquo;<\/span><\/a><\/p>\n","protected":false},"author":1,"featured_media":8563,"comment_status":"open","ping_status":"open","sticky":false,"template":"","format":"standard","meta":{"footnotes":""},"categories":[1],"tags":[5,8,7],"class_list":["post-8519","post","type-post","status-publish","format-standard","has-post-thumbnail","hentry","category-non-classe","tag-antifeminisme","tag-feminisme-et-art","tag-victimitude"],"yoast_head":"<!-- This site is optimized with the Yoast SEO plugin v21.3 - https:\/\/yoast.com\/wordpress\/plugins\/seo\/ -->\n<title>[Fonctionnaires de la victimitude] \u2013 Le f\u00e9minisme anti-art - Eromakia<\/title>\n<meta name=\"robots\" content=\"index, follow, max-snippet:-1, max-image-preview:large, max-video-preview:-1\" \/>\n<link rel=\"canonical\" href=\"https:\/\/eromakia.fr\/index.php\/2020\/08\/06\/fonctionnaires-de-la-victimitude-le-feminisme-anti-art\/\" \/>\n<meta property=\"og:locale\" content=\"fr_FR\" \/>\n<meta property=\"og:type\" content=\"article\" \/>\n<meta property=\"og:title\" content=\"[Fonctionnaires de la victimitude] \u2013 Le f\u00e9minisme anti-art - Eromakia\" \/>\n<meta property=\"og:description\" content=\"R\u00e9jane S\u00e9nac, directrice d&rsquo;\u00e9tudes au CNRS et f\u00e9ministe radicale, vient de prendre sa plume pour r\u00e9pondre (assez piteusement, il faut le reconna\u00eetre) \u00e0 la brillante tribune de Mazarine Pingeot au sujet des nouveaux combats f\u00e9ministes : \u00ab\u00a0Ce mortel ennui qui me vient\u2026\u00a0\u00bb (Le Monde, 28\/07\/20). Si le titre de sa r\u00e9ponse se veut manifeste : &hellip; Continuer la lecture de &laquo;&nbsp;[Fonctionnaires de la victimitude] \u2013 Le f\u00e9minisme anti-art&nbsp;&raquo;\" \/>\n<meta property=\"og:url\" content=\"https:\/\/eromakia.fr\/index.php\/2020\/08\/06\/fonctionnaires-de-la-victimitude-le-feminisme-anti-art\/\" \/>\n<meta property=\"og:site_name\" content=\"Eromakia\" \/>\n<meta property=\"article:published_time\" content=\"2020-08-06T06:52:21+00:00\" \/>\n<meta property=\"article:modified_time\" content=\"2021-11-13T09:41:21+00:00\" \/>\n<meta property=\"og:image\" content=\"https:\/\/eromakia.fr\/wp-content\/uploads\/2020\/08\/Main-1024x758.png\" \/>\n\t<meta property=\"og:image:width\" content=\"1024\" \/>\n\t<meta property=\"og:image:height\" content=\"758\" \/>\n\t<meta property=\"og:image:type\" content=\"image\/png\" \/>\n<meta name=\"author\" content=\"Eromakia\" \/>\n<meta name=\"twitter:card\" content=\"summary_large_image\" \/>\n<meta name=\"twitter:label1\" content=\"\u00c9crit par\" \/>\n\t<meta name=\"twitter:data1\" content=\"Eromakia\" \/>\n\t<meta name=\"twitter:label2\" content=\"Dur\u00e9e de lecture estim\u00e9e\" \/>\n\t<meta name=\"twitter:data2\" content=\"6 minutes\" \/>\n<script type=\"application\/ld+json\" class=\"yoast-schema-graph\">{\"@context\":\"https:\/\/schema.org\",\"@graph\":[{\"@type\":\"WebPage\",\"@id\":\"https:\/\/eromakia.fr\/index.php\/2020\/08\/06\/fonctionnaires-de-la-victimitude-le-feminisme-anti-art\/\",\"url\":\"https:\/\/eromakia.fr\/index.php\/2020\/08\/06\/fonctionnaires-de-la-victimitude-le-feminisme-anti-art\/\",\"name\":\"[Fonctionnaires de la victimitude] \u2013 Le f\u00e9minisme anti-art - Eromakia\",\"isPartOf\":{\"@id\":\"https:\/\/eromakia.fr\/#website\"},\"datePublished\":\"2020-08-06T06:52:21+00:00\",\"dateModified\":\"2021-11-13T09:41:21+00:00\",\"author\":{\"@id\":\"https:\/\/eromakia.fr\/#\/schema\/person\/8d79faa25100a008a48d2cf2fab98932\"},\"breadcrumb\":{\"@id\":\"https:\/\/eromakia.fr\/index.php\/2020\/08\/06\/fonctionnaires-de-la-victimitude-le-feminisme-anti-art\/#breadcrumb\"},\"inLanguage\":\"fr-FR\",\"potentialAction\":[{\"@type\":\"ReadAction\",\"target\":[\"https:\/\/eromakia.fr\/index.php\/2020\/08\/06\/fonctionnaires-de-la-victimitude-le-feminisme-anti-art\/\"]}]},{\"@type\":\"BreadcrumbList\",\"@id\":\"https:\/\/eromakia.fr\/index.php\/2020\/08\/06\/fonctionnaires-de-la-victimitude-le-feminisme-anti-art\/#breadcrumb\",\"itemListElement\":[{\"@type\":\"ListItem\",\"position\":1,\"name\":\"Accueil\",\"item\":\"https:\/\/eromakia.fr\/\"},{\"@type\":\"ListItem\",\"position\":2,\"name\":\"[Fonctionnaires de la victimitude] \u2013 Le f\u00e9minisme anti-art\"}]},{\"@type\":\"WebSite\",\"@id\":\"https:\/\/eromakia.fr\/#website\",\"url\":\"https:\/\/eromakia.fr\/\",\"name\":\"Eromakia\",\"description\":\"Art, Love and Fight Chronicles\",\"potentialAction\":[{\"@type\":\"SearchAction\",\"target\":{\"@type\":\"EntryPoint\",\"urlTemplate\":\"https:\/\/eromakia.fr\/?s={search_term_string}\"},\"query-input\":\"required name=search_term_string\"}],\"inLanguage\":\"fr-FR\"},{\"@type\":\"Person\",\"@id\":\"https:\/\/eromakia.fr\/#\/schema\/person\/8d79faa25100a008a48d2cf2fab98932\",\"name\":\"Eromakia\",\"image\":{\"@type\":\"ImageObject\",\"inLanguage\":\"fr-FR\",\"@id\":\"https:\/\/eromakia.fr\/#\/schema\/person\/image\/\",\"url\":\"https:\/\/secure.gravatar.com\/avatar\/8266e905c06552885a82fe6cba24493ce804a3e255e4bc4becc87202a9ce14ae?s=96&d=mm&r=g\",\"contentUrl\":\"https:\/\/secure.gravatar.com\/avatar\/8266e905c06552885a82fe6cba24493ce804a3e255e4bc4becc87202a9ce14ae?s=96&d=mm&r=g\",\"caption\":\"Eromakia\"},\"url\":\"https:\/\/eromakia.fr\/index.php\/author\/eromakia\/\"}]}<\/script>\n<!-- \/ Yoast SEO plugin. -->","yoast_head_json":{"title":"[Fonctionnaires de la victimitude] \u2013 Le f\u00e9minisme anti-art - Eromakia","robots":{"index":"index","follow":"follow","max-snippet":"max-snippet:-1","max-image-preview":"max-image-preview:large","max-video-preview":"max-video-preview:-1"},"canonical":"https:\/\/eromakia.fr\/index.php\/2020\/08\/06\/fonctionnaires-de-la-victimitude-le-feminisme-anti-art\/","og_locale":"fr_FR","og_type":"article","og_title":"[Fonctionnaires de la victimitude] \u2013 Le f\u00e9minisme anti-art - Eromakia","og_description":"R\u00e9jane S\u00e9nac, directrice d&rsquo;\u00e9tudes au CNRS et f\u00e9ministe radicale, vient de prendre sa plume pour r\u00e9pondre (assez piteusement, il faut le reconna\u00eetre) \u00e0 la brillante tribune de Mazarine Pingeot au sujet des nouveaux combats f\u00e9ministes : \u00ab\u00a0Ce mortel ennui qui me vient\u2026\u00a0\u00bb (Le Monde, 28\/07\/20). Si le titre de sa r\u00e9ponse se veut manifeste : &hellip; Continuer la lecture de &laquo;&nbsp;[Fonctionnaires de la victimitude] \u2013 Le f\u00e9minisme anti-art&nbsp;&raquo;","og_url":"https:\/\/eromakia.fr\/index.php\/2020\/08\/06\/fonctionnaires-de-la-victimitude-le-feminisme-anti-art\/","og_site_name":"Eromakia","article_published_time":"2020-08-06T06:52:21+00:00","article_modified_time":"2021-11-13T09:41:21+00:00","og_image":[{"width":1024,"height":758,"url":"https:\/\/eromakia.fr\/wp-content\/uploads\/2020\/08\/Main-1024x758.png","type":"image\/png"}],"author":"Eromakia","twitter_card":"summary_large_image","twitter_misc":{"\u00c9crit par":"Eromakia","Dur\u00e9e de lecture estim\u00e9e":"6 minutes"},"schema":{"@context":"https:\/\/schema.org","@graph":[{"@type":"WebPage","@id":"https:\/\/eromakia.fr\/index.php\/2020\/08\/06\/fonctionnaires-de-la-victimitude-le-feminisme-anti-art\/","url":"https:\/\/eromakia.fr\/index.php\/2020\/08\/06\/fonctionnaires-de-la-victimitude-le-feminisme-anti-art\/","name":"[Fonctionnaires de la victimitude] \u2013 Le f\u00e9minisme anti-art - Eromakia","isPartOf":{"@id":"https:\/\/eromakia.fr\/#website"},"datePublished":"2020-08-06T06:52:21+00:00","dateModified":"2021-11-13T09:41:21+00:00","author":{"@id":"https:\/\/eromakia.fr\/#\/schema\/person\/8d79faa25100a008a48d2cf2fab98932"},"breadcrumb":{"@id":"https:\/\/eromakia.fr\/index.php\/2020\/08\/06\/fonctionnaires-de-la-victimitude-le-feminisme-anti-art\/#breadcrumb"},"inLanguage":"fr-FR","potentialAction":[{"@type":"ReadAction","target":["https:\/\/eromakia.fr\/index.php\/2020\/08\/06\/fonctionnaires-de-la-victimitude-le-feminisme-anti-art\/"]}]},{"@type":"BreadcrumbList","@id":"https:\/\/eromakia.fr\/index.php\/2020\/08\/06\/fonctionnaires-de-la-victimitude-le-feminisme-anti-art\/#breadcrumb","itemListElement":[{"@type":"ListItem","position":1,"name":"Accueil","item":"https:\/\/eromakia.fr\/"},{"@type":"ListItem","position":2,"name":"[Fonctionnaires de la victimitude] \u2013 Le f\u00e9minisme anti-art"}]},{"@type":"WebSite","@id":"https:\/\/eromakia.fr\/#website","url":"https:\/\/eromakia.fr\/","name":"Eromakia","description":"Art, Love and Fight Chronicles","potentialAction":[{"@type":"SearchAction","target":{"@type":"EntryPoint","urlTemplate":"https:\/\/eromakia.fr\/?s={search_term_string}"},"query-input":"required name=search_term_string"}],"inLanguage":"fr-FR"},{"@type":"Person","@id":"https:\/\/eromakia.fr\/#\/schema\/person\/8d79faa25100a008a48d2cf2fab98932","name":"Eromakia","image":{"@type":"ImageObject","inLanguage":"fr-FR","@id":"https:\/\/eromakia.fr\/#\/schema\/person\/image\/","url":"https:\/\/secure.gravatar.com\/avatar\/8266e905c06552885a82fe6cba24493ce804a3e255e4bc4becc87202a9ce14ae?s=96&d=mm&r=g","contentUrl":"https:\/\/secure.gravatar.com\/avatar\/8266e905c06552885a82fe6cba24493ce804a3e255e4bc4becc87202a9ce14ae?s=96&d=mm&r=g","caption":"Eromakia"},"url":"https:\/\/eromakia.fr\/index.php\/author\/eromakia\/"}]}},"_links":{"self":[{"href":"https:\/\/eromakia.fr\/index.php\/wp-json\/wp\/v2\/posts\/8519","targetHints":{"allow":["GET"]}}],"collection":[{"href":"https:\/\/eromakia.fr\/index.php\/wp-json\/wp\/v2\/posts"}],"about":[{"href":"https:\/\/eromakia.fr\/index.php\/wp-json\/wp\/v2\/types\/post"}],"author":[{"embeddable":true,"href":"https:\/\/eromakia.fr\/index.php\/wp-json\/wp\/v2\/users\/1"}],"replies":[{"embeddable":true,"href":"https:\/\/eromakia.fr\/index.php\/wp-json\/wp\/v2\/comments?post=8519"}],"version-history":[{"count":118,"href":"https:\/\/eromakia.fr\/index.php\/wp-json\/wp\/v2\/posts\/8519\/revisions"}],"predecessor-version":[{"id":17666,"href":"https:\/\/eromakia.fr\/index.php\/wp-json\/wp\/v2\/posts\/8519\/revisions\/17666"}],"wp:featuredmedia":[{"embeddable":true,"href":"https:\/\/eromakia.fr\/index.php\/wp-json\/wp\/v2\/media\/8563"}],"wp:attachment":[{"href":"https:\/\/eromakia.fr\/index.php\/wp-json\/wp\/v2\/media?parent=8519"}],"wp:term":[{"taxonomy":"category","embeddable":true,"href":"https:\/\/eromakia.fr\/index.php\/wp-json\/wp\/v2\/categories?post=8519"},{"taxonomy":"post_tag","embeddable":true,"href":"https:\/\/eromakia.fr\/index.php\/wp-json\/wp\/v2\/tags?post=8519"}],"curies":[{"name":"wp","href":"https:\/\/api.w.org\/{rel}","templated":true}]}}