{"id":5176,"date":"2019-09-15T12:55:58","date_gmt":"2019-09-15T10:55:58","guid":{"rendered":"http:\/\/eromakia.fr\/?p=5176"},"modified":"2021-07-04T22:34:20","modified_gmt":"2021-07-04T20:34:20","slug":"en-defense-de-catherine-deneuve","status":"publish","type":"post","link":"https:\/\/eromakia.fr\/index.php\/2019\/09\/15\/en-defense-de-catherine-deneuve\/","title":{"rendered":"[Culture du voile] \u2013 En d\u00e9fense de Catherine Deneuve"},"content":{"rendered":"<p>L&rsquo;affiche de l<a href=\"https:\/\/ima-tourcoing.fr\/institut-monde-arabe\/youssef-nabil-exposition\/\">&lsquo;exposition de l&rsquo;artiste visuel Youssef Nabil \u00e0 l&rsquo;Institut du Monde Arabe de Tourcoing<\/a>\u00a0(du 5 octobre 2019 au 12 janvier 2020)\u00a0est en train de <a href=\"http:\/\/resistancerepublicaine.eu\/2019\/09\/13\/deneuve-voilee-fait-la-pub-de-linstitut-du-monde-arabe-de-tourcoing\/\">scandaliser dans certains rangs de la la\u00efcit\u00e9<\/a>\u00a0;\u00a0ce qui vaut \u00e0 Catherine Deneuve un nouveau d\u00e9ferlement d&rsquo;insultes.<\/p>\n<p><img loading=\"lazy\" decoding=\"async\" class=\"alignnone wp-image-5177 size-large\" src=\"https:\/\/eromakia.fr\/wp-content\/uploads\/2019\/09\/Capture-d\u2019\u00e9cran-2019-09-12-\u00e0-20.22.13-1024x675.png\" alt=\"\" width=\"525\" height=\"346\" srcset=\"https:\/\/eromakia.fr\/wp-content\/uploads\/2019\/09\/Capture-d\u2019\u00e9cran-2019-09-12-\u00e0-20.22.13-1024x675.png 1024w, https:\/\/eromakia.fr\/wp-content\/uploads\/2019\/09\/Capture-d\u2019\u00e9cran-2019-09-12-\u00e0-20.22.13-300x198.png 300w, https:\/\/eromakia.fr\/wp-content\/uploads\/2019\/09\/Capture-d\u2019\u00e9cran-2019-09-12-\u00e0-20.22.13-768x506.png 768w\" sizes=\"auto, (max-width: 525px) 100vw, 525px\" \/><\/p>\n<p>La photo choisie pour l&rsquo;affiche est un portrait de\u00a0l&rsquo;actrice r\u00e9alis\u00e9 par l&rsquo;artiste \u00e9gyptien\u00a0Youssef Nabil en 2010 :<\/p>\n<figure id=\"attachment_5178\" aria-describedby=\"caption-attachment-5178\" style=\"width: 525px\" class=\"wp-caption alignnone\"><img loading=\"lazy\" decoding=\"async\" class=\"wp-image-5178 size-large\" src=\"https:\/\/eromakia.fr\/wp-content\/uploads\/2019\/09\/Catherine-Deneuve-Paris-2010-1-692x1024.png\" alt=\"\" width=\"525\" height=\"777\" srcset=\"https:\/\/eromakia.fr\/wp-content\/uploads\/2019\/09\/Catherine-Deneuve-Paris-2010-1-692x1024.png 692w, https:\/\/eromakia.fr\/wp-content\/uploads\/2019\/09\/Catherine-Deneuve-Paris-2010-1-203x300.png 203w, https:\/\/eromakia.fr\/wp-content\/uploads\/2019\/09\/Catherine-Deneuve-Paris-2010-1-768x1137.png 768w, https:\/\/eromakia.fr\/wp-content\/uploads\/2019\/09\/Catherine-Deneuve-Paris-2010-1.png 916w\" sizes=\"auto, (max-width: 525px) 100vw, 525px\" \/><figcaption id=\"caption-attachment-5178\" class=\"wp-caption-text\">Youssef Nabil, \u00ab\u00a0Catherine Deneuve\u00a0\u00bb, Paris, 2010<\/figcaption><\/figure>\n<p>Catherine Deneuve y appara\u00eet avec un voile noir transparent de type mantille, voile de deuil ou voile de la Renaissance, comme nous l&rsquo;indique la pr\u00e9sentation en ligne de l&rsquo;exposition de Tourcoing : \u00ab\u00a0Faisant fi des revendications d\u2019identit\u00e9, l\u2019\u0153uvre de Youssef Nabil souhaite incarner un monde \u00ab m\u00e9diterran\u00e9en \u00bb sans fronti\u00e8res, o\u00f9 le voile arbor\u00e9 par Catherine Deneuve ou Isabelle Huppert n\u2019est plus le sujet d\u2019un d\u00e9bat d\u2019actualit\u00e9 mais retrouve la douceur des Madones de la Renaissance.\u00a0\u00bb<\/p>\n<p><strong>Le voile dans la culture visuelle<\/strong><\/p>\n<p>Ce voile peut en effet\u00a0\u00e9voquer le voile noir translucide qui enveloppait la <em>Joconde<\/em>, pour prendre un des exemples les plus c\u00e9l\u00e8bres de l&rsquo;histoire de l&rsquo;art occidental :<\/p>\n<figure id=\"attachment_5179\" aria-describedby=\"caption-attachment-5179\" style=\"width: 525px\" class=\"wp-caption alignnone\"><img loading=\"lazy\" decoding=\"async\" class=\"wp-image-5179 size-large\" src=\"https:\/\/eromakia.fr\/wp-content\/uploads\/2019\/09\/Mona20-687x1024.jpg\" alt=\"\" width=\"525\" height=\"783\" srcset=\"https:\/\/eromakia.fr\/wp-content\/uploads\/2019\/09\/Mona20-687x1024.jpg 687w, https:\/\/eromakia.fr\/wp-content\/uploads\/2019\/09\/Mona20-201x300.jpg 201w, https:\/\/eromakia.fr\/wp-content\/uploads\/2019\/09\/Mona20-768x1144.jpg 768w, https:\/\/eromakia.fr\/wp-content\/uploads\/2019\/09\/Mona20.jpg 1496w\" sizes=\"auto, (max-width: 525px) 100vw, 525px\" \/><figcaption id=\"caption-attachment-5179\" class=\"wp-caption-text\">L\u00e9onard de Vinci, La Joconde, 1503-1519 (Paris, Mus\u00e9e du Louvre)<\/figcaption><\/figure>\n<figure id=\"attachment_5180\" aria-describedby=\"caption-attachment-5180\" style=\"width: 384px\" class=\"wp-caption alignnone\"><img loading=\"lazy\" decoding=\"async\" class=\"wp-image-5180 size-full\" src=\"https:\/\/eromakia.fr\/wp-content\/uploads\/2019\/09\/Mona_Lisa_detail_background_left.jpg\" alt=\"\" width=\"384\" height=\"600\" srcset=\"https:\/\/eromakia.fr\/wp-content\/uploads\/2019\/09\/Mona_Lisa_detail_background_left.jpg 384w, https:\/\/eromakia.fr\/wp-content\/uploads\/2019\/09\/Mona_Lisa_detail_background_left-192x300.jpg 192w\" sizes=\"auto, (max-width: 384px) 100vw, 384px\" \/><figcaption id=\"caption-attachment-5180\" class=\"wp-caption-text\">D\u00e9tail : le voile noir est bien visible sur les cheveux de Mona Lisa<\/figcaption><\/figure>\n<p>Le voile de la <em>Joconde<\/em> n&rsquo;\u00e9tait pas n\u00e9cessairement un voile de deuil mais plut\u00f4t un atour traditionnel de l&rsquo;\u00e9poque. Sur cette copie de la <em>Joconde<\/em> conserv\u00e9e au Mus\u00e9e du Prado et r\u00e9alis\u00e9e dans l&rsquo;atelier de L\u00e9onard en m\u00eame temps que\u00a0le tableau du Louvre, on voit que ce voile l\u00e9ger est d&rsquo;une taille imposante car il enveloppe\u00a0tout le buste de Mona Lisa :<\/p>\n<figure id=\"attachment_5181\" aria-describedby=\"caption-attachment-5181\" style=\"width: 525px\" class=\"wp-caption alignnone\"><img loading=\"lazy\" decoding=\"async\" class=\"wp-image-5181 size-large\" src=\"https:\/\/eromakia.fr\/wp-content\/uploads\/2019\/09\/Gioconda_copia_del_Museo_del_Prado_restaurada-786x1024.jpg\" alt=\"\" width=\"525\" height=\"684\" srcset=\"https:\/\/eromakia.fr\/wp-content\/uploads\/2019\/09\/Gioconda_copia_del_Museo_del_Prado_restaurada-786x1024.jpg 786w, https:\/\/eromakia.fr\/wp-content\/uploads\/2019\/09\/Gioconda_copia_del_Museo_del_Prado_restaurada-230x300.jpg 230w, https:\/\/eromakia.fr\/wp-content\/uploads\/2019\/09\/Gioconda_copia_del_Museo_del_Prado_restaurada-768x1000.jpg 768w\" sizes=\"auto, (max-width: 525px) 100vw, 525px\" \/><figcaption id=\"caption-attachment-5181\" class=\"wp-caption-text\">Atelier de L\u00e9onard de Vinci, La Joconde, 1503-1516 (Madrid, Mus\u00e9e du Prado)<\/figcaption><\/figure>\n<p>Si Catherine Deneuve sur la photo de Nabil peut faire\u00a0 penser \u00e0 une <em>Joconde<\/em> contemporaine, elle remet surtout en m\u00e9moire sa beaut\u00e9 surnaturelle (et voil\u00e9e) sur les images du film <em>Tristana<\/em> de Luis Bu\u00f1uel (1970)\u00a0 :<\/p>\n<figure id=\"attachment_5228\" aria-describedby=\"caption-attachment-5228\" style=\"width: 525px\" class=\"wp-caption alignnone\"><img loading=\"lazy\" decoding=\"async\" class=\"wp-image-5228 size-large\" src=\"https:\/\/eromakia.fr\/wp-content\/uploads\/2019\/09\/MV5BMDM0YjNkMmUtZGFkNS00ZTBkLTlmYWUtYzY5YTU4MDA2NjA2XkEyXkFqcGdeQXVyMjUyNDk2ODc@._V1_-1024x658.jpg\" alt=\"\" width=\"525\" height=\"337\" srcset=\"https:\/\/eromakia.fr\/wp-content\/uploads\/2019\/09\/MV5BMDM0YjNkMmUtZGFkNS00ZTBkLTlmYWUtYzY5YTU4MDA2NjA2XkEyXkFqcGdeQXVyMjUyNDk2ODc@._V1_-1024x658.jpg 1024w, https:\/\/eromakia.fr\/wp-content\/uploads\/2019\/09\/MV5BMDM0YjNkMmUtZGFkNS00ZTBkLTlmYWUtYzY5YTU4MDA2NjA2XkEyXkFqcGdeQXVyMjUyNDk2ODc@._V1_-300x193.jpg 300w, https:\/\/eromakia.fr\/wp-content\/uploads\/2019\/09\/MV5BMDM0YjNkMmUtZGFkNS00ZTBkLTlmYWUtYzY5YTU4MDA2NjA2XkEyXkFqcGdeQXVyMjUyNDk2ODc@._V1_-768x494.jpg 768w, https:\/\/eromakia.fr\/wp-content\/uploads\/2019\/09\/MV5BMDM0YjNkMmUtZGFkNS00ZTBkLTlmYWUtYzY5YTU4MDA2NjA2XkEyXkFqcGdeQXVyMjUyNDk2ODc@._V1_.jpg 1400w\" sizes=\"auto, (max-width: 525px) 100vw, 525px\" \/><figcaption id=\"caption-attachment-5228\" class=\"wp-caption-text\">Catherine Deneuve dans Tristana de Luis Bunuel, 1970<\/figcaption><\/figure>\n<p><img loading=\"lazy\" decoding=\"async\" class=\"alignnone wp-image-5184 size-large\" src=\"https:\/\/eromakia.fr\/wp-content\/uploads\/2019\/09\/MV5BODhkNGE0NTYtZDRhMS00MDU3LWE4NzktMDdiYTI3Y2ZlYzEzXkEyXkFqcGdeQXVyMjUyNDk2ODc@._V1_SX1477_CR001477999_AL_-1024x693.jpg\" alt=\"\" width=\"525\" height=\"355\" srcset=\"https:\/\/eromakia.fr\/wp-content\/uploads\/2019\/09\/MV5BODhkNGE0NTYtZDRhMS00MDU3LWE4NzktMDdiYTI3Y2ZlYzEzXkEyXkFqcGdeQXVyMjUyNDk2ODc@._V1_SX1477_CR001477999_AL_-1024x693.jpg 1024w, https:\/\/eromakia.fr\/wp-content\/uploads\/2019\/09\/MV5BODhkNGE0NTYtZDRhMS00MDU3LWE4NzktMDdiYTI3Y2ZlYzEzXkEyXkFqcGdeQXVyMjUyNDk2ODc@._V1_SX1477_CR001477999_AL_-300x203.jpg 300w, https:\/\/eromakia.fr\/wp-content\/uploads\/2019\/09\/MV5BODhkNGE0NTYtZDRhMS00MDU3LWE4NzktMDdiYTI3Y2ZlYzEzXkEyXkFqcGdeQXVyMjUyNDk2ODc@._V1_SX1477_CR001477999_AL_-768x519.jpg 768w, https:\/\/eromakia.fr\/wp-content\/uploads\/2019\/09\/MV5BODhkNGE0NTYtZDRhMS00MDU3LWE4NzktMDdiYTI3Y2ZlYzEzXkEyXkFqcGdeQXVyMjUyNDk2ODc@._V1_SX1477_CR001477999_AL_.jpg 1477w\" sizes=\"auto, (max-width: 525px) 100vw, 525px\" \/><\/p>\n<p>Il ne faut donc pas s&#8217;emballer trop vite avec l&rsquo;utilisation du voile dans l&rsquo;art ou dans l&rsquo;histoire. Il fait partie int\u00e9grante des accessoires de la toilette f\u00e9minine depuis la nuit des temps et le voir exclusivement comme un symbole de la soumission des femmes est tout aussi simpliste que r\u00e9ducteur. Cela enferme dans\u00a0une vision mis\u00e9rabiliste de la femme qui voudrait faire d&rsquo;elle exclusivement une pitoyable <a href=\"https:\/\/eromakia.fr\/index.php\/2019\/06\/29\/patriarcat-imaginaire-les-feministes-du-mandarobs-actionnent-leur-bouclier-psychique-anti-lemuriens\/\">serpilli\u00e8re soumise \u00e0 la domination masculine depuis le n\u00e9olithique<\/a> \u2013suivant\u00a0la (r\u00e9)vision f\u00e9ministe fantasmatique de l&rsquo;anthropologie.<\/p>\n<p>Je rappelle d&rsquo;ailleurs aux clowns f\u00e9ministes qui colportent le <a href=\"https:\/\/eromakia.fr\/index.php\/la-supercherie-du-patriarcat\/\">mythe du patriarcat<\/a>\u00a0(soi-disant apparu au n\u00e9olithique en m\u00eame temps que l&rsquo;invention de l&rsquo;agriculture) qu&rsquo;au pal\u00e9olithique sup\u00e9rieur, les femmes \u00e9taient peut-\u00eatre d\u00e9j\u00e0 coiff\u00e9es d&rsquo;une r\u00e9sille, d&rsquo;une capuche ou d&rsquo;une perruque destin\u00e9e \u00e0 couvrir leurs cheveux :<\/p>\n<figure id=\"attachment_5185\" aria-describedby=\"caption-attachment-5185\" style=\"width: 741px\" class=\"wp-caption alignnone\"><img loading=\"lazy\" decoding=\"async\" class=\"wp-image-5185 size-full\" src=\"https:\/\/eromakia.fr\/wp-content\/uploads\/2019\/09\/Venus_of_Brassempouy.jpg\" alt=\"\" width=\"741\" height=\"589\" srcset=\"https:\/\/eromakia.fr\/wp-content\/uploads\/2019\/09\/Venus_of_Brassempouy.jpg 741w, https:\/\/eromakia.fr\/wp-content\/uploads\/2019\/09\/Venus_of_Brassempouy-300x238.jpg 300w\" sizes=\"auto, (max-width: 706px) 89vw, (max-width: 767px) 82vw, 740px\" \/><figcaption id=\"caption-attachment-5185\" class=\"wp-caption-text\">\u00ab\u00a0La Dame de Brassempouy\u00a0\u00bb ou \u00ab\u00a0Dame \u00e0 la capuche\u00a0\u00bb, vers 23000 avant J.-C. (Saint-Germain-en-Laye)<\/figcaption><\/figure>\n<p>La \u00ab\u00a0<a href=\"https:\/\/fr.wikipedia.org\/wiki\/Dame_de_Brassempouy\">Dame de Brassempouy<\/a>\u00a0\u00bb est le\u00a0plus ancien visage sculpt\u00e9 conserv\u00e9 de l&rsquo;histoire de l&rsquo;humanit\u00e9. Il est difficile de dire \u00e0 quoi correspond exactement la coiffure de cette femme, mais l&rsquo;implantation au niveau du front et des tempes laisse penser \u00e0 un\u00a0couvre-chef (d&rsquo;o\u00f9 son nom de \u00ab\u00a0Dame \u00e0 la capuche\u00a0\u00bb).\u00a0 Les f\u00e9ministes vont-elles lancer des impr\u00e9cations et faire des moulinets avec leurs bras parce qu&rsquo;elle n&rsquo;aurait pas les cheveux libres ?<\/p>\n<p>Et sans remonter aussi loin, rappelons que le voile de la mari\u00e9e est toujours aujourd&rsquo;hui un symbole appr\u00e9ci\u00e9 et recherch\u00e9 pour sa beaut\u00e9, sa symbolique et bien entendu, son \u00e9rotisme.<\/p>\n<figure id=\"attachment_5186\" aria-describedby=\"caption-attachment-5186\" style=\"width: 525px\" class=\"wp-caption alignnone\"><img loading=\"lazy\" decoding=\"async\" class=\"wp-image-5186 size-large\" src=\"https:\/\/eromakia.fr\/wp-content\/uploads\/2019\/09\/64136037-belle-mari\u00e9e-nue-dans-un-voile-de-mariage--671x1024.jpg\" alt=\"\" width=\"525\" height=\"801\" srcset=\"https:\/\/eromakia.fr\/wp-content\/uploads\/2019\/09\/64136037-belle-mari\u00e9e-nue-dans-un-voile-de-mariage--671x1024.jpg 671w, https:\/\/eromakia.fr\/wp-content\/uploads\/2019\/09\/64136037-belle-mari\u00e9e-nue-dans-un-voile-de-mariage--197x300.jpg 197w, https:\/\/eromakia.fr\/wp-content\/uploads\/2019\/09\/64136037-belle-mari\u00e9e-nue-dans-un-voile-de-mariage--768x1172.jpg 768w, https:\/\/eromakia.fr\/wp-content\/uploads\/2019\/09\/64136037-belle-mari\u00e9e-nue-dans-un-voile-de-mariage-.jpg 852w\" sizes=\"auto, (max-width: 525px) 100vw, 525px\" \/><figcaption id=\"caption-attachment-5186\" class=\"wp-caption-text\">Le voile de mari\u00e9e est un accessoire hautement \u00e9rotique.<\/figcaption><\/figure>\n<p><strong>Le travail de Youssef Nabil<\/strong><\/p>\n<p><a href=\"https:\/\/fr.wikipedia.org\/wiki\/Youssef_Nabil\">Youssef Nabil<\/a> est un photographe et cin\u00e9aste d&rsquo;origine \u00e9gyptienne qui vit actuellement \u00e0 New York et dont les oeuvres visuelles t\u00e9moignent d&rsquo;une esth\u00e9tique orientaliste et onirique de bon aloi. Rien ne laisse penser dans son travail qu&rsquo;il militerait pour l&rsquo;islam politique ou pour le voilement des femmes. Il s&rsquo;attache simplement \u00e0 restituer des atmosph\u00e8res cin\u00e9matographiques vintage et esth\u00e9tis\u00e9es, voire ouvertement \u00e9rotiques.<\/p>\n<p>Il a ainsi r\u00e9alis\u00e9 dans les ann\u00e9es 2010-2013\u00a0ces portraits voil\u00e9s, \u00e0 l&rsquo;esth\u00e9tique r\u00e9tro\/kitsch, de plusieurs grandes actrices fran\u00e7aises sans que\u00a0cela \u00e9meuve qui que ce soit :<\/p>\n<figure id=\"attachment_5188\" aria-describedby=\"caption-attachment-5188\" style=\"width: 439px\" class=\"wp-caption alignnone\"><img loading=\"lazy\" decoding=\"async\" class=\"wp-image-5188 size-full\" src=\"https:\/\/eromakia.fr\/wp-content\/uploads\/2019\/09\/Isabelle-Huppert-Paris-2012-2.jpg\" alt=\"\" width=\"439\" height=\"665\" srcset=\"https:\/\/eromakia.fr\/wp-content\/uploads\/2019\/09\/Isabelle-Huppert-Paris-2012-2.jpg 439w, https:\/\/eromakia.fr\/wp-content\/uploads\/2019\/09\/Isabelle-Huppert-Paris-2012-2-198x300.jpg 198w\" sizes=\"auto, (max-width: 439px) 100vw, 439px\" \/><figcaption id=\"caption-attachment-5188\" class=\"wp-caption-text\">Isabelle Huppert, Paris, 2011<\/figcaption><\/figure>\n<figure id=\"attachment_5191\" aria-describedby=\"caption-attachment-5191\" style=\"width: 525px\" class=\"wp-caption alignnone\"><img loading=\"lazy\" decoding=\"async\" class=\"wp-image-5191 size-large\" src=\"https:\/\/eromakia.fr\/wp-content\/uploads\/2019\/09\/you-never-left-2010-688x1024.jpg\" alt=\"\" width=\"525\" height=\"781\" srcset=\"https:\/\/eromakia.fr\/wp-content\/uploads\/2019\/09\/you-never-left-2010-688x1024.jpg 688w, https:\/\/eromakia.fr\/wp-content\/uploads\/2019\/09\/you-never-left-2010-202x300.jpg 202w, https:\/\/eromakia.fr\/wp-content\/uploads\/2019\/09\/you-never-left-2010-768x1143.jpg 768w, https:\/\/eromakia.fr\/wp-content\/uploads\/2019\/09\/you-never-left-2010.jpg 1545w\" sizes=\"auto, (max-width: 525px) 100vw, 525px\" \/><figcaption id=\"caption-attachment-5191\" class=\"wp-caption-text\">Fanny Ardent, Paris, 2010<\/figcaption><\/figure>\n<figure id=\"attachment_5189\" aria-describedby=\"caption-attachment-5189\" style=\"width: 525px\" class=\"wp-caption alignnone\"><img loading=\"lazy\" decoding=\"async\" class=\"wp-image-5189 size-large\" src=\"https:\/\/eromakia.fr\/wp-content\/uploads\/2019\/09\/Rampling-Paris-2011-687x1024.jpg\" alt=\"\" width=\"525\" height=\"783\" srcset=\"https:\/\/eromakia.fr\/wp-content\/uploads\/2019\/09\/Rampling-Paris-2011-687x1024.jpg 687w, https:\/\/eromakia.fr\/wp-content\/uploads\/2019\/09\/Rampling-Paris-2011-201x300.jpg 201w, https:\/\/eromakia.fr\/wp-content\/uploads\/2019\/09\/Rampling-Paris-2011-768x1145.jpg 768w, https:\/\/eromakia.fr\/wp-content\/uploads\/2019\/09\/Rampling-Paris-2011.jpg 1136w\" sizes=\"auto, (max-width: 525px) 100vw, 525px\" \/><figcaption id=\"caption-attachment-5189\" class=\"wp-caption-text\">Charlotte Rampling, Paris, 2010<\/figcaption><\/figure>\n<figure id=\"attachment_5190\" aria-describedby=\"caption-attachment-5190\" style=\"width: 566px\" class=\"wp-caption alignnone\"><img loading=\"lazy\" decoding=\"async\" class=\"wp-image-5190 size-full\" src=\"https:\/\/eromakia.fr\/wp-content\/uploads\/2019\/09\/Portrait-r\u00e9alis\u00e9-par-Youssef-Nabil-pour-LOfficiel-Art.jpg\" alt=\"\" width=\"566\" height=\"800\" srcset=\"https:\/\/eromakia.fr\/wp-content\/uploads\/2019\/09\/Portrait-r\u00e9alis\u00e9-par-Youssef-Nabil-pour-LOfficiel-Art.jpg 566w, https:\/\/eromakia.fr\/wp-content\/uploads\/2019\/09\/Portrait-r\u00e9alis\u00e9-par-Youssef-Nabil-pour-LOfficiel-Art-212x300.jpg 212w\" sizes=\"auto, (max-width: 566px) 100vw, 566px\" \/><figcaption id=\"caption-attachment-5190\" class=\"wp-caption-text\">Isabelle Adjani, Paris, 2013<\/figcaption><\/figure>\n<p>Mais il n&rsquo;a pas portraitur\u00e9 ces femmes uniquement voil\u00e9es, comme on peut le voir ci-dessous. Il s&rsquo;agissait simplement d&rsquo;hommages \u00e0 leur beaut\u00e9 intemporelle et \u00e0 leurs figures d&rsquo;arch\u00e9types de la culture visuelle contemporaine, avec un clin d&rsquo;oeil aux femmes de son enfance \u00e9gyptienne.<\/p>\n<figure id=\"attachment_5192\" aria-describedby=\"caption-attachment-5192\" style=\"width: 525px\" class=\"wp-caption alignnone\"><img loading=\"lazy\" decoding=\"async\" class=\"wp-image-5192 size-large\" src=\"https:\/\/eromakia.fr\/wp-content\/uploads\/2019\/09\/Catherine-Deneuve-Paris-2010-Hand-Colored-Gelatin-Silver-Print-Yossi-Milo-Gallery-1024x688.jpg\" alt=\"\" width=\"525\" height=\"353\" srcset=\"https:\/\/eromakia.fr\/wp-content\/uploads\/2019\/09\/Catherine-Deneuve-Paris-2010-Hand-Colored-Gelatin-Silver-Print-Yossi-Milo-Gallery-1024x688.jpg 1024w, https:\/\/eromakia.fr\/wp-content\/uploads\/2019\/09\/Catherine-Deneuve-Paris-2010-Hand-Colored-Gelatin-Silver-Print-Yossi-Milo-Gallery-300x202.jpg 300w, https:\/\/eromakia.fr\/wp-content\/uploads\/2019\/09\/Catherine-Deneuve-Paris-2010-Hand-Colored-Gelatin-Silver-Print-Yossi-Milo-Gallery-768x516.jpg 768w, https:\/\/eromakia.fr\/wp-content\/uploads\/2019\/09\/Catherine-Deneuve-Paris-2010-Hand-Colored-Gelatin-Silver-Print-Yossi-Milo-Gallery.jpg 1042w\" sizes=\"auto, (max-width: 525px) 100vw, 525px\" \/><figcaption id=\"caption-attachment-5192\" class=\"wp-caption-text\">C. Deneuve, 2010<\/figcaption><\/figure>\n<figure id=\"attachment_5193\" aria-describedby=\"caption-attachment-5193\" style=\"width: 566px\" class=\"wp-caption alignnone\"><img loading=\"lazy\" decoding=\"async\" class=\"wp-image-5193 size-full\" src=\"https:\/\/eromakia.fr\/wp-content\/uploads\/2019\/09\/2013.jpg\" alt=\"\" width=\"566\" height=\"800\" srcset=\"https:\/\/eromakia.fr\/wp-content\/uploads\/2019\/09\/2013.jpg 566w, https:\/\/eromakia.fr\/wp-content\/uploads\/2019\/09\/2013-212x300.jpg 212w\" sizes=\"auto, (max-width: 566px) 100vw, 566px\" \/><figcaption id=\"caption-attachment-5193\" class=\"wp-caption-text\">Isabelle Adjani, 2013<\/figcaption><\/figure>\n<p>Les autres oeuvres de Nabil ressortissent du m\u00eame esprit \u00e9rotico-esth\u00e9tique vintage et t\u00e9moignent surtout d&rsquo;une grande attention et m\u00eame d&rsquo;une v\u00e9ritable tendresse envers la culture occidentale et orientaliste du\u00a0XX<sup>e<\/sup> si\u00e8cle.<\/p>\n<figure id=\"attachment_5224\" aria-describedby=\"caption-attachment-5224\" style=\"width: 525px\" class=\"wp-caption alignnone\"><img loading=\"lazy\" decoding=\"async\" class=\"wp-image-5224 size-large\" src=\"https:\/\/eromakia.fr\/wp-content\/uploads\/2019\/09\/Natacha-fume-le-narguile-Cairo-2000-671x1024-671x1024.png\" alt=\"\" width=\"525\" height=\"801\" srcset=\"https:\/\/eromakia.fr\/wp-content\/uploads\/2019\/09\/Natacha-fume-le-narguile-Cairo-2000-671x1024.png 671w, https:\/\/eromakia.fr\/wp-content\/uploads\/2019\/09\/Natacha-fume-le-narguile-Cairo-2000-671x1024-197x300.png 197w\" sizes=\"auto, (max-width: 525px) 100vw, 525px\" \/><figcaption id=\"caption-attachment-5224\" class=\"wp-caption-text\">Youssef Nabil, Natacha fume le narguil\u00e9, Le Caire, 2000<\/figcaption><\/figure>\n<p><strong>Le choix de l&rsquo;IMA de Tourcoing<\/strong><\/p>\n<p>La photo de Catherine Deneuve coiff\u00e9e d&rsquo;une mantille noire ne pose en soi aucun probl\u00e8me. Si moi-m\u00eame j&rsquo;ai envie de sortir demain dans la rue avec une mantille en dentelle noire ou un foulard sexy sur mes cheveux fa\u00e7on\u00a0<em>Fifties<\/em>\u00a0parce que je trouve \u00e7a rigolo et tr\u00e8s f\u00e9minin, je tiens \u00e0 pouvoir le faire librement (d&rsquo;ailleurs je me suis moi-m\u00eame d\u00e9peinte \u2013 assez maladroitement, je le conc\u00e8de \u2013 <a href=\"https:\/\/eromakia.fr\/index.php\/about-me\/\">avec un voile<\/a>). Il ne faudrait quand m\u00eame pas sombrer dans une stigmatisation aussi int\u00e9griste que celle que l&rsquo;on combat.<\/p>\n<p>Ce qui peut toutefois poser question avec l&rsquo;affiche de l&rsquo;IMA, c&rsquo;est le choix de cette photo parmi toutes celles de l&rsquo;oeuvre de Nabil \u2013 qui n&rsquo;a pas fait que des femmes voil\u00e9es, loin s&rsquo;en faut. Est-ce un calcul pas tr\u00e8s\u00a0subtil pour cibler les femmes voil\u00e9es extr\u00eamement nombreuses \u00e0 Roubaix-Tourcoing afin de les attirer vers cette expo d&rsquo;art contemporain ? C&rsquo;est\u00a0fort possible. Mais apr\u00e8s tout,\u00a0 m\u00eame si c&rsquo;est le cas, pourquoi pas ? L&rsquo;oeuvre de Nabil n&rsquo;est pas une oeuvre int\u00e9griste de l&rsquo;islam politique et elle aurait plut\u00f4t comme effet d&rsquo;ouvrir l&rsquo;esprit des salafistes sur la culture visuelle occidentale :<\/p>\n<figure id=\"attachment_5195\" aria-describedby=\"caption-attachment-5195\" style=\"width: 1000px\" class=\"wp-caption alignnone\"><img loading=\"lazy\" decoding=\"async\" class=\"wp-image-5195 size-full\" src=\"https:\/\/eromakia.fr\/wp-content\/uploads\/2019\/09\/Self-portrait-with-Botticelli-Florence-2009.jpg\" alt=\"\" width=\"1000\" height=\"665\" srcset=\"https:\/\/eromakia.fr\/wp-content\/uploads\/2019\/09\/Self-portrait-with-Botticelli-Florence-2009.jpg 1000w, https:\/\/eromakia.fr\/wp-content\/uploads\/2019\/09\/Self-portrait-with-Botticelli-Florence-2009-300x200.jpg 300w, https:\/\/eromakia.fr\/wp-content\/uploads\/2019\/09\/Self-portrait-with-Botticelli-Florence-2009-768x511.jpg 768w\" sizes=\"auto, (max-width: 767px) 89vw, (max-width: 1000px) 54vw, (max-width: 1071px) 543px, 580px\" \/><figcaption id=\"caption-attachment-5195\" class=\"wp-caption-text\">Youssef Nabil, Self-portrait with Botticelli, Florence, 2009<\/figcaption><\/figure>\n<figure id=\"attachment_5196\" aria-describedby=\"caption-attachment-5196\" style=\"width: 690px\" class=\"wp-caption alignnone\"><img loading=\"lazy\" decoding=\"async\" class=\"wp-image-5196 size-full\" src=\"https:\/\/eromakia.fr\/wp-content\/uploads\/2019\/09\/Youssef-Nabil-I-Saved-My-Belly-Dancer-number-XII-detail-2015-Hand-coloured-gelatin-silver-print.jpg\" alt=\"\" width=\"690\" height=\"518\" srcset=\"https:\/\/eromakia.fr\/wp-content\/uploads\/2019\/09\/Youssef-Nabil-I-Saved-My-Belly-Dancer-number-XII-detail-2015-Hand-coloured-gelatin-silver-print.jpg 690w, https:\/\/eromakia.fr\/wp-content\/uploads\/2019\/09\/Youssef-Nabil-I-Saved-My-Belly-Dancer-number-XII-detail-2015-Hand-coloured-gelatin-silver-print-300x225.jpg 300w\" sizes=\"auto, (max-width: 690px) 100vw, 690px\" \/><figcaption id=\"caption-attachment-5196\" class=\"wp-caption-text\">Youssef Nabil, I Saved My Belly-Dancer number XII, 2015 (Hand-coloured gelatin silver-print)<\/figcaption><\/figure>\n<p>Il reste \u00e0 se demander si l&rsquo;IMA (de Paris comme de Tourcoing) pourrait \u00eatre une vitrine pr\u00e9sentable de l&rsquo;islam politique, qui participerait \u00e0 l&rsquo;islamisation rampante de la soci\u00e9t\u00e9 fran\u00e7aise. Derri\u00e8re la diffusion tout \u00e0 fait d\u00e9fendable de l&rsquo;art et de la culture islamiques, se cacherait-il un tout autre agenda ?<\/p>\n<p>\u00c0\u00a0titre personnel, j&rsquo;en doute. Car la promotion de l&rsquo;art, de l&rsquo;histoire et d&rsquo;une culture au croisement des influences m\u00e9diterran\u00e9ennes ne peut pas faire le jeu des salafistes. Les salafistes et les int\u00e9gristes de l&rsquo;islam ha\u00efssent toute forme d&rsquo;art car par d\u00e9finition, l&rsquo;art est un espace de libert\u00e9, d&rsquo;\u00e9vasion et d&rsquo;enrichissement mutuel des cultures. L&rsquo;art est souvent, comme ici, un espace de sensualit\u00e9 o\u00f9 les corps et les visages f\u00e9minins et masculins, nus ou partiellement voil\u00e9s\/d\u00e9voil\u00e9s, r\u00e9affirment leur beaut\u00e9 \u00e9ternelle et \u2013 m\u00eame (et surtout) sous une mantille noire \u2013 leur pouvoir \u00e9rotique. Catherine Deneuve, ici comme dans l&rsquo;ensemble de ses actions et positions, n&rsquo;incarne en rien la soumission de la femme.<\/p>\n<p><img loading=\"lazy\" decoding=\"async\" class=\"alignnone size-medium wp-image-5226\" src=\"https:\/\/eromakia.fr\/wp-content\/uploads\/2019\/09\/tristana2-281x300.jpg\" alt=\"\" width=\"281\" height=\"300\" srcset=\"https:\/\/eromakia.fr\/wp-content\/uploads\/2019\/09\/tristana2-281x300.jpg 281w, https:\/\/eromakia.fr\/wp-content\/uploads\/2019\/09\/tristana2.jpg 375w\" sizes=\"auto, (max-width: 281px) 100vw, 281px\" \/><\/p>\n<p>[\u00e0 suivre&#8230;]<\/p>\n<ul>\n<li>Catherine Deneuve est par ailleurs <strong>UNE TR\u00c8S GRANDE DAME<\/strong> qui a sign\u00e9 la <a href=\"https:\/\/www.lemonde.fr\/idees\/article\/2018\/01\/09\/nous-defendons-une-liberte-d-importuner-indispensable-a-la-liberte-sexuelle_5239134_3232.html\">Tribune des 100<\/a> et dont les prises de position r\u00e9p\u00e9t\u00e9es en faveur de Woody Allen\u00a0ou de <a href=\"https:\/\/eromakia.fr\/index.php\/2018\/08\/25\/samantha-geimer-que-les-feministes-la-laissent-tranquille\/\">Roman Polanski<\/a> lui valent r\u00e9guli\u00e8rement des stormshits internationaux. Elle a toute mon admiration pour son courage intellectuel, sa libert\u00e9 de pens\u00e9e, sa grandeur et sa classe en toutes circonstances. Je reviens sur l&rsquo;affaire Polanski dans cet<a href=\"https:\/\/eromakia.fr\/index.php\/festival-de-connes-le-cinema-des-feministes\/\">\u00a0article consacr\u00e9 aux f\u00e9ministes et au cin\u00e9ma<\/a> (il y a beaucoup \u00e0 dire !) :<\/li>\n<\/ul>\n<p><blockquote class=\"wp-embedded-content\" data-secret=\"RfsyuIGXPf\"><a href=\"https:\/\/eromakia.fr\/index.php\/festival-de-connes-le-cinema-des-feministes\/\">[Festival de Connes] \u2013 Le cin\u00e9ma des f\u00e9ministes<\/a><\/blockquote><iframe loading=\"lazy\" class=\"wp-embedded-content\" sandbox=\"allow-scripts\" security=\"restricted\" style=\"position: absolute; clip: rect(1px, 1px, 1px, 1px);\" title=\"\u00ab\u00a0[Festival de Connes] \u2013 Le cin\u00e9ma des f\u00e9ministes\u00a0\u00bb &#8212; Eromakia\" src=\"https:\/\/eromakia.fr\/index.php\/festival-de-connes-le-cinema-des-feministes\/embed\/#?secret=hvGiiXJ0OG#?secret=RfsyuIGXPf\" data-secret=\"RfsyuIGXPf\" width=\"525\" height=\"296\" frameborder=\"0\" marginwidth=\"0\" marginheight=\"0\" scrolling=\"no\"><\/iframe><\/p>\n<ul>\n<li><strong>Sur Catherine Deneuve, voir aussi :<\/strong><\/li>\n<\/ul>\n<p><blockquote class=\"wp-embedded-content\" data-secret=\"bKJHl0Dqem\"><a href=\"https:\/\/eromakia.fr\/index.php\/2021\/01\/23\/bouche-degout-camelia-jordana-se-repand-sur-deneuve-et-bardot\/\">[Bouche d&rsquo;\u00e9gout] \u2013 Camelia Jordana se r\u00e9pand sur Deneuve et Bardot<\/a><\/blockquote><iframe loading=\"lazy\" class=\"wp-embedded-content\" sandbox=\"allow-scripts\" security=\"restricted\" style=\"position: absolute; clip: rect(1px, 1px, 1px, 1px);\" title=\"\u00ab\u00a0[Bouche d&rsquo;\u00e9gout] \u2013 Camelia Jordana se r\u00e9pand sur Deneuve et Bardot\u00a0\u00bb &#8212; Eromakia\" src=\"https:\/\/eromakia.fr\/index.php\/2021\/01\/23\/bouche-degout-camelia-jordana-se-repand-sur-deneuve-et-bardot\/embed\/#?secret=qJRgIqb9t2#?secret=bKJHl0Dqem\" data-secret=\"bKJHl0Dqem\" width=\"525\" height=\"296\" frameborder=\"0\" marginwidth=\"0\" marginheight=\"0\" scrolling=\"no\"><\/iframe><\/p>\n<ul>\n<li><em><strong>Belle de Jour<\/strong><\/em><\/li>\n<\/ul>\n<p>Le c\u00e9l\u00e8bre film de Luis Bu\u00f1uel (1967), qui dans cet extrait met en sc\u00e8ne la sublime Catherine Deneuve \u2013 avec le tout aussi sublime Pierre Cl\u00e9menti \u2013, est aujourd\u2019hui encore une occasion unique d\u2019explorer le paradoxe insondable des fantasmes \u00e9rotiques \u2013 notamment ceux qui recourent \u00e0 la prostitution et \u00e0 la violence physique. Autant d\u2019occasions de faire capoter les f\u00e9ministes, dont le cerveau disjoncte automatiquement sur ces sujets depuis plus de 50 ans. Quelques articles encore en gestation reviendront prochainement sur les rapports du n\u00e9of\u00e9minisme avec le BDSM.<\/p>\n<p><iframe loading=\"lazy\" src=\"https:\/\/player.vimeo.com\/video\/570860804?dnt=1&amp;app_id=122963\" width=\"525\" height=\"295\" frameborder=\"0\" allow=\"autoplay; fullscreen; picture-in-picture; clipboard-write\"><\/iframe><\/p>\n<p><strong>. Sur le voile islamique, voir aussi :<\/strong><\/p>\n<p><blockquote class=\"wp-embedded-content\" data-secret=\"ipDWA8Dthk\"><a href=\"https:\/\/eromakia.fr\/index.php\/2019\/05\/09\/feminisme-islamique-lislam-est-un-matriarcat-avant-detre-un-patriarcat\/\">[F\u00e9minisme islamique] \u2013 Et si l&rsquo;islam \u00e9tait autant un matriarcat qu&rsquo;un patriarcat ?<\/a><\/blockquote><iframe loading=\"lazy\" class=\"wp-embedded-content\" sandbox=\"allow-scripts\" security=\"restricted\" style=\"position: absolute; clip: rect(1px, 1px, 1px, 1px);\" title=\"\u00ab\u00a0[F\u00e9minisme islamique] \u2013 Et si l&rsquo;islam \u00e9tait autant un matriarcat qu&rsquo;un patriarcat ?\u00a0\u00bb &#8212; Eromakia\" src=\"https:\/\/eromakia.fr\/index.php\/2019\/05\/09\/feminisme-islamique-lislam-est-un-matriarcat-avant-detre-un-patriarcat\/embed\/#?secret=FFoIw9zVZ4#?secret=ipDWA8Dthk\" data-secret=\"ipDWA8Dthk\" width=\"525\" height=\"296\" frameborder=\"0\" marginwidth=\"0\" marginheight=\"0\" scrolling=\"no\"><\/iframe><\/p>\n<p><blockquote class=\"wp-embedded-content\" data-secret=\"QRUBj4WYF4\"><a href=\"https:\/\/eromakia.fr\/index.php\/2019\/01\/04\/les-francaises-voilees-sont-des-militantes-pas-des-victimes\/\">Les fran\u00e7aises voil\u00e9es sont des militantes, pas des victimes<\/a><\/blockquote><iframe loading=\"lazy\" class=\"wp-embedded-content\" sandbox=\"allow-scripts\" security=\"restricted\" style=\"position: absolute; clip: rect(1px, 1px, 1px, 1px);\" title=\"\u00ab\u00a0Les fran\u00e7aises voil\u00e9es sont des militantes, pas des victimes\u00a0\u00bb &#8212; Eromakia\" src=\"https:\/\/eromakia.fr\/index.php\/2019\/01\/04\/les-francaises-voilees-sont-des-militantes-pas-des-victimes\/embed\/#?secret=uxaQMuVXKm#?secret=QRUBj4WYF4\" data-secret=\"QRUBj4WYF4\" width=\"525\" height=\"296\" frameborder=\"0\" marginwidth=\"0\" marginheight=\"0\" scrolling=\"no\"><\/iframe><\/p>\n<p>. Pour retrouver le cin\u00e9ma de Bu\u00f1uel (<em>Le Fant\u00f4me de la Libert\u00e9<\/em>, 1974):<\/p>\n<p><iframe loading=\"lazy\" title=\"Jean-Patrick Capdevielle \u2013 Peur\" src=\"https:\/\/player.vimeo.com\/video\/281135013?dnt=1&amp;app_id=122963\" width=\"525\" height=\"295\" frameborder=\"0\" allow=\"autoplay; fullscreen; picture-in-picture; clipboard-write\"><\/iframe><\/p>\n\n\n<p><\/p>\n","protected":false},"excerpt":{"rendered":"<p>L&rsquo;affiche de l&lsquo;exposition de l&rsquo;artiste visuel Youssef Nabil \u00e0 l&rsquo;Institut du Monde Arabe de Tourcoing\u00a0(du 5 octobre 2019 au 12 janvier 2020)\u00a0est en train de scandaliser dans certains rangs de la la\u00efcit\u00e9\u00a0;\u00a0ce qui vaut \u00e0 Catherine Deneuve un nouveau d\u00e9ferlement d&rsquo;insultes. La photo choisie pour l&rsquo;affiche est un portrait de\u00a0l&rsquo;actrice r\u00e9alis\u00e9 par l&rsquo;artiste \u00e9gyptien\u00a0Youssef Nabil &hellip; <\/p>\n<p class=\"link-more\"><a href=\"https:\/\/eromakia.fr\/index.php\/2019\/09\/15\/en-defense-de-catherine-deneuve\/\" class=\"more-link\">Continuer la lecture<span class=\"screen-reader-text\"> de &laquo;&nbsp;[Culture du voile] \u2013 En d\u00e9fense de Catherine Deneuve&nbsp;&raquo;<\/span><\/a><\/p>\n","protected":false},"author":1,"featured_media":5183,"comment_status":"open","ping_status":"open","sticky":false,"template":"","format":"standard","meta":{"footnotes":""},"categories":[1],"tags":[],"class_list":["post-5176","post","type-post","status-publish","format-standard","has-post-thumbnail","hentry","category-non-classe"],"yoast_head":"<!-- This site is optimized with the Yoast SEO plugin v21.3 - https:\/\/yoast.com\/wordpress\/plugins\/seo\/ -->\n<title>[Culture du voile] \u2013 En d\u00e9fense de Catherine Deneuve - Eromakia<\/title>\n<meta name=\"robots\" content=\"index, follow, max-snippet:-1, max-image-preview:large, max-video-preview:-1\" \/>\n<link rel=\"canonical\" href=\"https:\/\/eromakia.fr\/index.php\/2019\/09\/15\/en-defense-de-catherine-deneuve\/\" \/>\n<meta property=\"og:locale\" content=\"fr_FR\" \/>\n<meta property=\"og:type\" content=\"article\" \/>\n<meta property=\"og:title\" content=\"[Culture du voile] \u2013 En d\u00e9fense de Catherine Deneuve - Eromakia\" \/>\n<meta property=\"og:description\" content=\"L&rsquo;affiche de l&lsquo;exposition de l&rsquo;artiste visuel Youssef Nabil \u00e0 l&rsquo;Institut du Monde Arabe de Tourcoing\u00a0(du 5 octobre 2019 au 12 janvier 2020)\u00a0est en train de scandaliser dans certains rangs de la la\u00efcit\u00e9\u00a0;\u00a0ce qui vaut \u00e0 Catherine Deneuve un nouveau d\u00e9ferlement d&rsquo;insultes. La photo choisie pour l&rsquo;affiche est un portrait de\u00a0l&rsquo;actrice r\u00e9alis\u00e9 par l&rsquo;artiste \u00e9gyptien\u00a0Youssef Nabil &hellip; Continuer la lecture de &laquo;&nbsp;[Culture du voile] \u2013 En d\u00e9fense de Catherine Deneuve&nbsp;&raquo;\" \/>\n<meta property=\"og:url\" content=\"https:\/\/eromakia.fr\/index.php\/2019\/09\/15\/en-defense-de-catherine-deneuve\/\" \/>\n<meta property=\"og:site_name\" content=\"Eromakia\" \/>\n<meta property=\"article:published_time\" content=\"2019-09-15T10:55:58+00:00\" \/>\n<meta property=\"article:modified_time\" content=\"2021-07-04T20:34:20+00:00\" \/>\n<meta property=\"og:image\" content=\"https:\/\/eromakia.fr\/wp-content\/uploads\/2019\/09\/MV5BYzFjMjViZTAtZDdmNS00ZmU1LWJjYzgtYjc2YWYwNDRmZDc0XkEyXkFqcGdeQXVyMjUyNDk2ODc@._V1_.jpg\" \/>\n\t<meta property=\"og:image:width\" content=\"1024\" \/>\n\t<meta property=\"og:image:height\" content=\"768\" \/>\n\t<meta property=\"og:image:type\" content=\"image\/jpeg\" \/>\n<meta name=\"author\" content=\"Eromakia\" \/>\n<meta name=\"twitter:card\" content=\"summary_large_image\" \/>\n<meta name=\"twitter:label1\" content=\"\u00c9crit par\" \/>\n\t<meta name=\"twitter:data1\" content=\"Eromakia\" \/>\n\t<meta name=\"twitter:label2\" content=\"Dur\u00e9e de lecture estim\u00e9e\" \/>\n\t<meta name=\"twitter:data2\" content=\"10 minutes\" \/>\n<script type=\"application\/ld+json\" class=\"yoast-schema-graph\">{\"@context\":\"https:\/\/schema.org\",\"@graph\":[{\"@type\":\"WebPage\",\"@id\":\"https:\/\/eromakia.fr\/index.php\/2019\/09\/15\/en-defense-de-catherine-deneuve\/\",\"url\":\"https:\/\/eromakia.fr\/index.php\/2019\/09\/15\/en-defense-de-catherine-deneuve\/\",\"name\":\"[Culture du voile] \u2013 En d\u00e9fense de Catherine Deneuve - Eromakia\",\"isPartOf\":{\"@id\":\"https:\/\/eromakia.fr\/#website\"},\"datePublished\":\"2019-09-15T10:55:58+00:00\",\"dateModified\":\"2021-07-04T20:34:20+00:00\",\"author\":{\"@id\":\"https:\/\/eromakia.fr\/#\/schema\/person\/8d79faa25100a008a48d2cf2fab98932\"},\"breadcrumb\":{\"@id\":\"https:\/\/eromakia.fr\/index.php\/2019\/09\/15\/en-defense-de-catherine-deneuve\/#breadcrumb\"},\"inLanguage\":\"fr-FR\",\"potentialAction\":[{\"@type\":\"ReadAction\",\"target\":[\"https:\/\/eromakia.fr\/index.php\/2019\/09\/15\/en-defense-de-catherine-deneuve\/\"]}]},{\"@type\":\"BreadcrumbList\",\"@id\":\"https:\/\/eromakia.fr\/index.php\/2019\/09\/15\/en-defense-de-catherine-deneuve\/#breadcrumb\",\"itemListElement\":[{\"@type\":\"ListItem\",\"position\":1,\"name\":\"Accueil\",\"item\":\"https:\/\/eromakia.fr\/\"},{\"@type\":\"ListItem\",\"position\":2,\"name\":\"[Culture du voile] \u2013 En d\u00e9fense de Catherine Deneuve\"}]},{\"@type\":\"WebSite\",\"@id\":\"https:\/\/eromakia.fr\/#website\",\"url\":\"https:\/\/eromakia.fr\/\",\"name\":\"Eromakia\",\"description\":\"Art, Love and Fight Chronicles\",\"potentialAction\":[{\"@type\":\"SearchAction\",\"target\":{\"@type\":\"EntryPoint\",\"urlTemplate\":\"https:\/\/eromakia.fr\/?s={search_term_string}\"},\"query-input\":\"required name=search_term_string\"}],\"inLanguage\":\"fr-FR\"},{\"@type\":\"Person\",\"@id\":\"https:\/\/eromakia.fr\/#\/schema\/person\/8d79faa25100a008a48d2cf2fab98932\",\"name\":\"Eromakia\",\"image\":{\"@type\":\"ImageObject\",\"inLanguage\":\"fr-FR\",\"@id\":\"https:\/\/eromakia.fr\/#\/schema\/person\/image\/\",\"url\":\"https:\/\/secure.gravatar.com\/avatar\/8266e905c06552885a82fe6cba24493ce804a3e255e4bc4becc87202a9ce14ae?s=96&d=mm&r=g\",\"contentUrl\":\"https:\/\/secure.gravatar.com\/avatar\/8266e905c06552885a82fe6cba24493ce804a3e255e4bc4becc87202a9ce14ae?s=96&d=mm&r=g\",\"caption\":\"Eromakia\"},\"url\":\"https:\/\/eromakia.fr\/index.php\/author\/eromakia\/\"}]}<\/script>\n<!-- \/ Yoast SEO plugin. -->","yoast_head_json":{"title":"[Culture du voile] \u2013 En d\u00e9fense de Catherine Deneuve - Eromakia","robots":{"index":"index","follow":"follow","max-snippet":"max-snippet:-1","max-image-preview":"max-image-preview:large","max-video-preview":"max-video-preview:-1"},"canonical":"https:\/\/eromakia.fr\/index.php\/2019\/09\/15\/en-defense-de-catherine-deneuve\/","og_locale":"fr_FR","og_type":"article","og_title":"[Culture du voile] \u2013 En d\u00e9fense de Catherine Deneuve - Eromakia","og_description":"L&rsquo;affiche de l&lsquo;exposition de l&rsquo;artiste visuel Youssef Nabil \u00e0 l&rsquo;Institut du Monde Arabe de Tourcoing\u00a0(du 5 octobre 2019 au 12 janvier 2020)\u00a0est en train de scandaliser dans certains rangs de la la\u00efcit\u00e9\u00a0;\u00a0ce qui vaut \u00e0 Catherine Deneuve un nouveau d\u00e9ferlement d&rsquo;insultes. La photo choisie pour l&rsquo;affiche est un portrait de\u00a0l&rsquo;actrice r\u00e9alis\u00e9 par l&rsquo;artiste \u00e9gyptien\u00a0Youssef Nabil &hellip; Continuer la lecture de &laquo;&nbsp;[Culture du voile] \u2013 En d\u00e9fense de Catherine Deneuve&nbsp;&raquo;","og_url":"https:\/\/eromakia.fr\/index.php\/2019\/09\/15\/en-defense-de-catherine-deneuve\/","og_site_name":"Eromakia","article_published_time":"2019-09-15T10:55:58+00:00","article_modified_time":"2021-07-04T20:34:20+00:00","og_image":[{"width":1024,"height":768,"url":"https:\/\/eromakia.fr\/wp-content\/uploads\/2019\/09\/MV5BYzFjMjViZTAtZDdmNS00ZmU1LWJjYzgtYjc2YWYwNDRmZDc0XkEyXkFqcGdeQXVyMjUyNDk2ODc@._V1_.jpg","type":"image\/jpeg"}],"author":"Eromakia","twitter_card":"summary_large_image","twitter_misc":{"\u00c9crit par":"Eromakia","Dur\u00e9e de lecture estim\u00e9e":"10 minutes"},"schema":{"@context":"https:\/\/schema.org","@graph":[{"@type":"WebPage","@id":"https:\/\/eromakia.fr\/index.php\/2019\/09\/15\/en-defense-de-catherine-deneuve\/","url":"https:\/\/eromakia.fr\/index.php\/2019\/09\/15\/en-defense-de-catherine-deneuve\/","name":"[Culture du voile] \u2013 En d\u00e9fense de Catherine Deneuve - Eromakia","isPartOf":{"@id":"https:\/\/eromakia.fr\/#website"},"datePublished":"2019-09-15T10:55:58+00:00","dateModified":"2021-07-04T20:34:20+00:00","author":{"@id":"https:\/\/eromakia.fr\/#\/schema\/person\/8d79faa25100a008a48d2cf2fab98932"},"breadcrumb":{"@id":"https:\/\/eromakia.fr\/index.php\/2019\/09\/15\/en-defense-de-catherine-deneuve\/#breadcrumb"},"inLanguage":"fr-FR","potentialAction":[{"@type":"ReadAction","target":["https:\/\/eromakia.fr\/index.php\/2019\/09\/15\/en-defense-de-catherine-deneuve\/"]}]},{"@type":"BreadcrumbList","@id":"https:\/\/eromakia.fr\/index.php\/2019\/09\/15\/en-defense-de-catherine-deneuve\/#breadcrumb","itemListElement":[{"@type":"ListItem","position":1,"name":"Accueil","item":"https:\/\/eromakia.fr\/"},{"@type":"ListItem","position":2,"name":"[Culture du voile] \u2013 En d\u00e9fense de Catherine Deneuve"}]},{"@type":"WebSite","@id":"https:\/\/eromakia.fr\/#website","url":"https:\/\/eromakia.fr\/","name":"Eromakia","description":"Art, Love and Fight Chronicles","potentialAction":[{"@type":"SearchAction","target":{"@type":"EntryPoint","urlTemplate":"https:\/\/eromakia.fr\/?s={search_term_string}"},"query-input":"required name=search_term_string"}],"inLanguage":"fr-FR"},{"@type":"Person","@id":"https:\/\/eromakia.fr\/#\/schema\/person\/8d79faa25100a008a48d2cf2fab98932","name":"Eromakia","image":{"@type":"ImageObject","inLanguage":"fr-FR","@id":"https:\/\/eromakia.fr\/#\/schema\/person\/image\/","url":"https:\/\/secure.gravatar.com\/avatar\/8266e905c06552885a82fe6cba24493ce804a3e255e4bc4becc87202a9ce14ae?s=96&d=mm&r=g","contentUrl":"https:\/\/secure.gravatar.com\/avatar\/8266e905c06552885a82fe6cba24493ce804a3e255e4bc4becc87202a9ce14ae?s=96&d=mm&r=g","caption":"Eromakia"},"url":"https:\/\/eromakia.fr\/index.php\/author\/eromakia\/"}]}},"_links":{"self":[{"href":"https:\/\/eromakia.fr\/index.php\/wp-json\/wp\/v2\/posts\/5176","targetHints":{"allow":["GET"]}}],"collection":[{"href":"https:\/\/eromakia.fr\/index.php\/wp-json\/wp\/v2\/posts"}],"about":[{"href":"https:\/\/eromakia.fr\/index.php\/wp-json\/wp\/v2\/types\/post"}],"author":[{"embeddable":true,"href":"https:\/\/eromakia.fr\/index.php\/wp-json\/wp\/v2\/users\/1"}],"replies":[{"embeddable":true,"href":"https:\/\/eromakia.fr\/index.php\/wp-json\/wp\/v2\/comments?post=5176"}],"version-history":[{"count":48,"href":"https:\/\/eromakia.fr\/index.php\/wp-json\/wp\/v2\/posts\/5176\/revisions"}],"predecessor-version":[{"id":16157,"href":"https:\/\/eromakia.fr\/index.php\/wp-json\/wp\/v2\/posts\/5176\/revisions\/16157"}],"wp:featuredmedia":[{"embeddable":true,"href":"https:\/\/eromakia.fr\/index.php\/wp-json\/wp\/v2\/media\/5183"}],"wp:attachment":[{"href":"https:\/\/eromakia.fr\/index.php\/wp-json\/wp\/v2\/media?parent=5176"}],"wp:term":[{"taxonomy":"category","embeddable":true,"href":"https:\/\/eromakia.fr\/index.php\/wp-json\/wp\/v2\/categories?post=5176"},{"taxonomy":"post_tag","embeddable":true,"href":"https:\/\/eromakia.fr\/index.php\/wp-json\/wp\/v2\/tags?post=5176"}],"curies":[{"name":"wp","href":"https:\/\/api.w.org\/{rel}","templated":true}]}}