{"id":25168,"date":"2024-08-02T17:13:30","date_gmt":"2024-08-02T15:13:30","guid":{"rendered":"https:\/\/eromakia.fr\/?p=25168"},"modified":"2025-03-15T21:03:32","modified_gmt":"2025-03-15T20:03:32","slug":"mythographie-et-dadaisme-la-deesse-sequana-fille-de-dionysos","status":"publish","type":"post","link":"https:\/\/eromakia.fr\/index.php\/2024\/08\/02\/mythographie-et-dadaisme-la-deesse-sequana-fille-de-dionysos\/","title":{"rendered":"[Mythographie contemporaine] \u2013 La d\u00e9esse Sequana, fille de Dionysos ?"},"content":{"rendered":"\n<p>Deux jours apr\u00e8s la c\u00e9r\u00e9monie, non seulement mortif\u00e8re mais subliminalement thanatophile, d&rsquo;ouverture des JO de Paris 2024, son metteur en sc\u00e8ne Thomas Jolly <a href=\"https:\/\/fr.news.yahoo.com\/jo-paris-thomas-jolly-explique-125119982.html\">a d\u00fb venir se justifier sur BFMTV<\/a>. Il a prof\u00e9r\u00e9 un premier gros mensonge : \u00ab\u00a0<em>La C\u00e8ne<\/em>&nbsp;?<em> Ce n\u2019\u00e9tait&nbsp;pas mon inspiration&nbsp;\u00bb<\/em> \u2013 c&rsquo;est faux, \u00e9videmment, comme je le montre <a href=\"https:\/\/eromakia.fr\/index.php\/2024\/07\/30\/le-wokistan-en-sueur-quand-un-critique-dart-officiel-est-ignorant-au-point-de-ne-pas-savoir-que-dionysos-aussi-une-figure-du-christ-dans-la-tradition-chretienne\/\">dans cet article<\/a> \u2013, puis un second : &nbsp;<em>\u00ab&nbsp;Je crois que c\u2019\u00e9tait assez clair, il y a Dionysos qui arrive sur cette table. Il est l\u00e0, pourquoi, parce qu\u2019il est dieu de la f\u00eate (&#8230;),&nbsp;du vin, et <strong>p\u00e8re de Sequana, d\u00e9esse reli\u00e9e au fleuve&nbsp;<\/strong>\u00bb<\/em>.<\/p>\n\n\n\n<p>Nous sommes nombreux \u00e0 avoir beaucoup ri \u00e0 cette d\u00e9claration surr\u00e9aliste, mais comme Thomas Jolly est metteur en sc\u00e8ne de profession, et qu&rsquo;on n&rsquo;attend pas de lui qu&rsquo;il ma\u00eetrise sur le bout des doigts la g\u00e9n\u00e9alogie des dieux de l&rsquo;Olympe, on n&rsquo;a pas trop insist\u00e9.<\/p>\n\n\n\n<p>Quelle ne fut alors ma stup\u00e9faction, le 30 juillet dernier, de d\u00e9couvrir dans l&rsquo;interview de Patrick Boucheron (<a href=\"https:\/\/legrandcontinent.eu\/fr\/2024\/07\/30\/oui-ca-ira-une-conversation-fleuve-avec-patrick-boucheron-co-auteur-de-la-ceremonie-douverture-des-jo-de-paris-2024\/\">\u00ab\u00a0Oui, \u00e7a ira\u00a0\u00bb. Une conversation fleuve avec Patrick Boucheron, co-auteur de la c\u00e9r\u00e9monie d\u2019ouverture des JO de Paris 2024<\/a>, <em>Le Grand Continent<\/em>, 30\/07\/24), la d\u00e9claration suivante : \u00ab\u00a0Nos r\u00e9f\u00e9rences \u00e9taient plut\u00f4t de jouer des connotations dionysiennes \u2014 et du fil qui se tisse entre la Gr\u00e8ce olympique et Paris <strong>car Dionysos, ou plut\u00f4t Denis, est le p\u00e8re de Sequana<\/strong>.\u00a0\u00bb<\/p>\n\n\n\n<figure class=\"wp-block-image size-full\"><img loading=\"lazy\" decoding=\"async\" width=\"154\" height=\"146\" src=\"https:\/\/eromakia.fr\/wp-content\/uploads\/2024\/08\/confused-emoticon-1.jpg\" alt=\"\" class=\"wp-image-25190\"\/><\/figure>\n\n\n\n<p>Saint Denis, le p\u00e8re de la d\u00e9esse Sequana ?<\/p>\n\n\n\n<p>Apr\u00e8s avoir retourn\u00e9 cette phrase dans tous les sens \u2013 comment fait-il pour<strong> confondre le dieu de l&rsquo;Olympe Dionysos avec saint Denis<\/strong> (<a href=\"https:\/\/fr.wikipedia.org\/wiki\/Denis_de_Paris\">Denis de Paris<\/a>, le l\u00e9gendaire premier \u00e9v\u00eaque de Paris, ayant suppos\u00e9ment v\u00e9cu au IIIe si\u00e8cle), puis en faire le p\u00e8re de la d\u00e9esse Sequana, une d\u00e9esse gauloise quasi inconnue, dont les rares t\u00e9moignages arch\u00e9ologiques conserv\u00e9s remontent \u00e0 l&rsquo;\u00e9poque gallo-romaine ? \u2013, je vous livre ici quelques hypoth\u00e8ses.<\/p>\n\n\n\n<p>La recherche de sources historiques ne donne absolument rien, du moins \u00e0 ma connaissance \u2013 mais si des t\u00e9moignages anciens (textuels ou arch\u00e9ologiques) attestant de ces relations parviennent \u00e0 ma connaissance, je les prendrai en compte et modifierai cet article. D&rsquo;autres ont \u00e9galement cherch\u00e9 de leur c\u00f4t\u00e9 (<a href=\"https:\/\/www.argedour.bzh\/jo-paris-2024-sequana-est-elle-vraiment-la-fille-de-bacchus-dionysos\/#:~:text=On%20est%20dans%20la%20mythologie,des%20dieux%20celtiques%20et%20gaulois.\">par exemple ici<\/a>), sans rien trouver non plus.<\/p>\n\n\n\n<p>Des sources plus \u00e9rudites que moi en la mati\u00e8re \u2013 je ne cache pas n&rsquo;avoir aucune comp\u00e9tence en mythologie celtique \u2013, mais que je conserverai secr\u00e8tes, m&rsquo;ont mise sur la voie de ce qui semble \u00eatre la bonne explication \u00e0 cet \u00e9trange syncr\u00e9tisme.<\/p>\n\n\n\n<p>Jusqu&rsquo;\u00e0 nouvel ordre, la source principale de cette nouvelle mythographie, semble-t-il cr\u00e9\u00e9e par Patrick Boucheron en personne \u00e0 l&rsquo;occasion des JO de Paris 2024, se trouverait dans <em>l<strong>\u2019Arcadie<\/strong><\/em>, &nbsp;une \u00ab\u00a0sorte de po\u00e8me en prose\u00a0\u00bb r\u00e9dig\u00e9 \u00e0 Angers <strong>en 1781<\/strong> par <strong><a href=\"https:\/\/fr.wikipedia.org\/wiki\/Jacques-Henri_Bernardin_de_Saint-Pierre\">Jacques-Henri Bernardin de Saint-Pierre<\/a><\/strong>, \u00e9crivain et botaniste fran\u00e7ais mort en 1814. Dans cette <em>Arcadie<\/em>, qui s&rsquo;inscrit dans la mode des romans antiquisants de son temps, il d\u00e9crit la \u00ab\u00a0r\u00e9publique id\u00e9ale\u00a0\u00bb de ses r\u00eaves. Et \u00e0 un endroit, ils nous parle de cette affaire. Le passage en question est le suivant, pp. 31-32 (on trouve <a href=\"https:\/\/gallica.bnf.fr\/ark:\/12148\/bpt6k101904r\/f31.item.r=Bacchus\">l&rsquo;\u00e9dition en ligne ici<\/a>) :<\/p>\n\n\n\n<p>\u00ab\u00a0Voici ce que j&rsquo;ai ou\u00ef raconter \u00e0&rsquo; ce sujet \u00e0 nos anciens. <strong>La Seine, fille de&nbsp;Bacchus&nbsp;et nymphe de C\u00e9r\u00e8s<\/strong>, avait suivi dans les Gaules la d\u00e9esse des bl\u00e9s, lorsqu&rsquo;elle cherchait sa fille Proserpine par toute la terre. Quand C\u00e9r\u00e8s eut mis fin \u00e0 ses courses, la Seine la pria de lui donner, en r\u00e9compense de ses services, ces prairies que vous voyez l\u00e0-bas. La d\u00e9esse y consentit\u00a0\u00bb, et accorda de plus \u00e0 la fille de Bacchus de faire cro\u00eetre des bl\u00e9s partout o\u00f9 elle porterait ses pas. Elle laissa donc la Seine sur ces rivages, et lui donna pour compagne et pour suivante la nymphe H\u00e9va, qui devait veiller pr\u00e8s d&rsquo;elle, de peur qu&rsquo;elle ne f\u00fbt enlev\u00e9e par quelque dieu de la mer, comme sa fille Proserpine l&rsquo;avait \u00e9t\u00e9 par celui des enfers. Un jour que la Seine s&rsquo;amusait \u00e0 courir sur ces sables en cherchant&rsquo; des coquilles, et qu&rsquo;elle fuyait, en jetant de grands cris, devant les flots de la mer qui quelquefois lui mouillaient la plante des pieds, et quelquefois l&rsquo;atteignaient jusqu&rsquo;aux genoux, H\u00e9va sa compagne aper\u00e7ut sous les ondes les cheveux blancs, le visage empourpr\u00e9 et la robe bleue de Neptune. Ce dieu venait des Orcades apr\u00e8s un grand tremblement de terre, et il parcourait les rivages de l&rsquo;Oc\u00e9an, examinant, avec son trident, si leurs fondements n&rsquo;avaient point \u00e9t\u00e9 \u00e9branl\u00e9s. A sa vue, H\u00e9va jeta un grand cri, et avertit la Seine, qui s&rsquo;enfuit aussit\u00f4t vers les prairies. Mais le dieu des mers avait aper\u00e7u la nymphe de C\u00e9r\u00e8s, et, touch\u00e9 de sa bonne gr\u00e2ce et de sa l\u00e9g\u00e8ret\u00e9, il poussa sur le rivage ses chevaux marins apr\u00e8s elle. D\u00e9j\u00e0 il \u00e9tait pr\u00e8s de l&rsquo;atteindre, <strong>lorsqu&rsquo;elle invoqua Bacchus son p\u00e8re et C\u00e9r\u00e8s sa maitresse. <\/strong><\/p>\n\n\n\n<p>L&rsquo;un et l&rsquo;autre l&rsquo;exauc\u00e8rent: dans le temps que Neptune tendait les bras pour la saisir, tout le corps de la Seine se fondit en eau; son voile et ses v\u00eatements verts, que les vents poussaient devant elle, devinrent des flots couleur d&rsquo;\u00e9meraude; elle fut chang\u00e9e en un fleuve de cette couleur, qui se plait encore \u00e0 parcourir les lieux qu&rsquo;elle a aim\u00e9s \u00e9tant nymphe.<\/p>\n\n\n\n<p>Ce qu&rsquo;il y a de plus remarquable, c&rsquo;est que Neptune, malgr\u00e9 sa m\u00e9tamorphose, n&rsquo;a cess\u00e9 d&rsquo;en \u00eatre amoureux, comme on dit que le fleuve Alph\u00e9e l&rsquo;est encore en Sicile de la fontaine Ar\u00e9thuse. Mais si le dieu des mers a conserv\u00e9 son amour pour la Seine, la Seine garde encore son .aversion pour lui. Deux fois par jour, il la&rsquo; poursuit avec de grands mugissements, et chaque fois la Seine s&rsquo;enfuit dans les prairies en remontant vers sa source, contre le cours naturel des fleuves. En tout temps, elle s\u00e9pare ses eaux vertes des eaux azur\u00e9es de Neptune.\u00a0\u00bb<\/p>\n\n\n\n<p>Mais pourquoi <strong>Bernardin de Saint-Pierre invente-il ici que Bacchus (ou Dionysos) serait le p\u00e8re de Sequana<\/strong> \u2013 ce qui ne se trouve absolument nulle part ailleurs ?<\/p>\n\n\n\n<p>Il semblerait que ce soit \u00e0 cause de l&rsquo;homonymie <em><strong>Dionysos<\/strong><\/em>, le Dieu de l&rsquo;Olympe et <strong><em>Dionysius  Sanctus<\/em><\/strong>, saint Denis en latin, c&rsquo;est-\u00e0-dire l&rsquo;\u00e9v\u00eaque l\u00e9gendaire de Paris (confondu depuis le d\u00e9but du Moyen \u00c2ge avec un certain Denys l&rsquo;Ar\u00e9opagite, <em>Dionysius Areopagita<\/em>, tout aussi l\u00e9gendaire). <\/p>\n\n\n\n<p>Bernardin de Saint-Pierre a pu entendre parler de \u00ab\u00a0Denis, p\u00e8re de Paris\u00a0\u00bb (Denis \u00e9tant son premier \u00e9v\u00eaque, il a fond\u00e9 spirituellement et politiquement la ville de Paris, il est donc m\u00e9taphoriquement son p\u00e8re), mentionn\u00e9 sous la forme <strong><em>\u00ab\u00a0Dionysius pater Sequanae\u00a0\u00bb<\/em><\/strong> (\u00ab\u00a0Denis, p\u00e8re de la Seine\u00a0\u00bb \u2013 la Seine \u00e9tant ici une m\u00e9tonymie permettant de d\u00e9signer la ville de Paris). De ce \u00ab\u00a0saint Denis p\u00e8re de Paris\u00a0\u00bb, il aurait alors cr\u00e9\u00e9 \u00ab\u00a0Bacchus p\u00e8re de Sequana\u00a0\u00bb. C&rsquo;est un v\u00e9ritable tour de passe-passe, une pure <strong>fiction litt\u00e9raire<\/strong> qui n&rsquo;a aucune valeur du point de vue de la mythologie ou de la tradition orale, puisqu&rsquo;il ne semble exister <strong>aucune l\u00e9gende attest\u00e9e avant cette forgerie de Bernardin de Saint-Pierre<\/strong> [encore une fois, si de telles l\u00e9gendes \u2013 avec des sources \u2013 \u00e9taient port\u00e9es \u00e0 ma connaissance, je modifierais ce texte].<\/p>\n\n\n\n<p>Concernant les JO 2024, l\u2019hypoth\u00e8se la plus plausible expliquant la fabrication de cette mythologie s\u00e9quanienne serait le go\u00fbt non dissimul\u00e9, chez la petite \u00e9quipe en charge de la c\u00e9r\u00e9monie d\u2019ouverture, pour les jeux de mots vaseux (comme la Seine). Le choix de <a href=\"https:\/\/eromakia.fr\/index.php\/2024\/07\/30\/le-wokistan-en-sueur-quand-un-critique-dart-officiel-est-ignorant-au-point-de-ne-pas-savoir-que-dionysos-aussi-une-figure-du-christ-dans-la-tradition-chretienne\/\">la <em>C\u00e8ne<\/em> de L\u00e9onard de Vinci pour le tableau \u00ab\u00a0Festivit\u00e9\u00a0\u00bb<\/a> r\u00e9pondrait tout b\u00eatement, au d\u00e9part, au jeu de mots \u00ab\u00a0C\u00e8ne\/Seine\u00a0\u00bb. Quant \u00e0 la mise en exergue de Sequana et de Dionysos, elle pourrait tout aussi b\u00eatement r\u00e9pondre \u00e0 la volont\u00e9 d\u2019offrir un pastiche de mythologie gr\u00e9co-romaine \u00e0 la nouvelle diversit\u00e9 de la Seine-Saint-Denis \u2013 et de la ville de Saint-Denis en particulier, que les organisateurs auraient certainement pr\u00e9f\u00e9r\u00e9 porter au pinacle plut\u00f4t que Paris ; les S\u00e9quano-Dionysiens du Neuf-Trois (les habitant de la Seine-Saint-Denis <a href=\"https:\/\/fr.wikipedia.org\/wiki\/Seine-Saint-Denis\">se nomment officiellement des S\u00e9quano-Dionysiens<\/a>) \u00e9tant de toute \u00e9vidence les vrais h\u00e9ros c\u00e9l\u00e9br\u00e9s lors de cette c\u00e9r\u00e9monie \u2013 Aya Nakamura ridiculisant tout \u00e0 la fois la Garde r\u00e9publicaine et l&rsquo;Acad\u00e9mie fran\u00e7aise, c&rsquo;est bien \u00e0 eux que tout cela \u00e9tait servi sur un plateau \u2013. Reste \u00e0 savoir si les S\u00e9quano-Dionysiens en question ont \u00e9t\u00e9 si flatt\u00e9s d&rsquo;avoir comme dieu tut\u00e9laire un ivrogne ventripotent compl\u00e8tement bleu (ivre, en argot) se roulant dans le stupre entour\u00e9 de drags en slip et bas r\u00e9sille&#8230; Les attaques envers les chr\u00e9tiens \u00e9taient heureusement l\u00e0 pour faire avaler la pilule.<\/p>\n\n\n\n<p>Ce qui est surprenant, en l&rsquo;esp\u00e8ce, c&rsquo;est la mani\u00e8re d\u00e9sinvolte avec laquelle de telles mythographies, reprises ou r\u00e9\u00e9crites pour l&rsquo;occasion, sont jet\u00e9es \u00e0 la presse mondiale comme des v\u00e9rit\u00e9s r\u00e9v\u00e9l\u00e9es (dans la bouche d&rsquo;un professeur d&rsquo;histoire m\u00e9di\u00e9vale au Coll\u00e8ge de France, c&rsquo;est comme si c&rsquo;\u00e9tait enseign\u00e9 <em>ex cathedra<\/em>), sans la moindre explication ou justification. Serait-ce une nouvelle mani\u00e8re de faire de l&rsquo;histoire ou de la mythologie \u00e0 l&rsquo;\u00e8re de la post-v\u00e9rit\u00e9, o\u00f9 la citation de ses sources et les d\u00e9monstrations auraient la m\u00eame valeur que l&rsquo;imagination et la r\u00e9\u00e9criture dada\u00efste des mythes antiques ? On peut s&rsquo;interroger et j&rsquo;avoue rester perplexe.<\/p>\n\n\n\n<figure class=\"wp-block-image size-full\"><img loading=\"lazy\" decoding=\"async\" width=\"580\" height=\"387\" src=\"https:\/\/eromakia.fr\/wp-content\/uploads\/2024\/08\/Le-cheval-mecanique-lors-de-la-ceremonie-d-ouverture-des-Jeux-olympiques-de-Paris-le-25-07-2024-1913825.jpg\" alt=\"\" class=\"wp-image-25176\" srcset=\"https:\/\/eromakia.fr\/wp-content\/uploads\/2024\/08\/Le-cheval-mecanique-lors-de-la-ceremonie-d-ouverture-des-Jeux-olympiques-de-Paris-le-25-07-2024-1913825.jpg 580w, https:\/\/eromakia.fr\/wp-content\/uploads\/2024\/08\/Le-cheval-mecanique-lors-de-la-ceremonie-d-ouverture-des-Jeux-olympiques-de-Paris-le-25-07-2024-1913825-300x200.jpg 300w\" sizes=\"auto, (max-width: 580px) 100vw, 580px\" \/><figcaption class=\"wp-element-caption\">La \u00ab\u00a0mort sur un cheval p\u00e2le\u00a0\u00bb, quatri\u00e8me cavalier de l&rsquo;Apocalypse <\/figcaption><\/figure>\n\n\n\n<ul class=\"wp-block-list\">\n<li>\u00c0 propos de Sequana, il y a \u00e9galement un autre probl\u00e8me. L&rsquo;image \u00e9trange (mais pour autant superbe) du cheval de fer galopant sur la Seine avec son cavalier encapuchonn\u00e9 vers la fin de la c\u00e9r\u00e9monie a \u00e9t\u00e9 rapproch\u00e9e le soir m\u00eame, par un grand nombre de spectateurs, du quatri\u00e8me cavalier de l&rsquo;Apocalypse :<\/li>\n<\/ul>\n\n\n\n<p><em>Apocalypse 6, 8<\/em> : \u00ab\u00a0Je regardai, et voici, parut <strong>un cheval d&rsquo;une couleur p\u00e2le. Celui qui le montait se nommait la mort<\/strong>, et le s\u00e9jour des morts l&rsquo;accompagnait. Le pouvoir leur fut donn\u00e9 sur le quart de la terre, pour faire p\u00e9rir les hommes par l&rsquo;\u00e9p\u00e9e, par la famine, par la mortalit\u00e9, et par les b\u00eates sauvages de la terre.\u00a0\u00bb<\/p>\n\n\n\n<figure class=\"wp-block-image size-large\"><img loading=\"lazy\" decoding=\"async\" width=\"1024\" height=\"819\" src=\"https:\/\/eromakia.fr\/wp-content\/uploads\/2024\/08\/453036406_1894741647619844_8200810178798707664_n-1024x819.jpg\" alt=\"\" class=\"wp-image-25289\" srcset=\"https:\/\/eromakia.fr\/wp-content\/uploads\/2024\/08\/453036406_1894741647619844_8200810178798707664_n-1024x819.jpg 1024w, https:\/\/eromakia.fr\/wp-content\/uploads\/2024\/08\/453036406_1894741647619844_8200810178798707664_n-300x240.jpg 300w, https:\/\/eromakia.fr\/wp-content\/uploads\/2024\/08\/453036406_1894741647619844_8200810178798707664_n-768x614.jpg 768w, https:\/\/eromakia.fr\/wp-content\/uploads\/2024\/08\/453036406_1894741647619844_8200810178798707664_n.jpg 1140w\" sizes=\"auto, (max-width: 767px) 89vw, (max-width: 1000px) 54vw, (max-width: 1071px) 543px, 580px\" \/><figcaption class=\"wp-element-caption\">\u00ab\u00a0La Mort sur un cheval p\u00e2le\u00a0\u00bb dans la culture populaire<\/figcaption><\/figure>\n\n\n\n<p>Pourquoi nous avoir ici aussi menti dans un premier temps, en pr\u00e9tendant que c&rsquo;\u00e9tait \u00ab\u00a0Sequana mont\u00e9e sur un cheval\u00a0\u00bb, alors qu&rsquo;il est tr\u00e8s facile de v\u00e9rifier que <strong>jamais la d\u00e9esse Sequana n&rsquo;a \u00e9t\u00e9 associ\u00e9e \u00e0 un cheval <\/strong>? \u2013 les \u00ab\u00a0chevaux de Neptune\u00a0\u00bb de la forgerie de Bernardin de Saint-Pierre ne sont pas non plus les siens et son \u00ab\u00a0bateau-canard\u00a0\u00bb (<em>cf.<\/em> image de couverture) peut difficilement passer pour un cheval.<\/p>\n\n\n\n<p>Quand les spectateurs ont imm\u00e9diatement associ\u00e9 les cavaliers de l&rsquo;Apocalypse aux trois enfants entra\u00een\u00e9s dans les \u00e9gouts et les catacombes par un passeur (Charon sur le Styx) pour ne jamais r\u00e9appara\u00eetre, ils ont \u00e9t\u00e9 trait\u00e9s de complotistes \u00e0 l&rsquo;esprit mal tourn\u00e9. Pour que finalement Patrick Boucheron, <a href=\"https:\/\/legrandcontinent.eu\/fr\/2024\/07\/30\/oui-ca-ira-une-conversation-fleuve-avec-patrick-boucheron-co-auteur-de-la-ceremonie-douverture-des-jo-de-paris-2024\/\">dans la m\u00eame interview<\/a>, reconnaisse avec force noyages de poissons : \u00ab\u00a0Est-ce qu\u2019on voulait absolument emp\u00eacher cette image du cavalier de l\u2019Apocalypse\u00a0? Pas davantage. Moi-m\u00eame, j\u2019ai travaill\u00e9 sur la peste noire, donc je n\u2019\u00e9tais quand m\u00eame pas totalement d\u00e9sarm\u00e9 pour pr\u00e9venir qu\u2019<strong>une telle image peut \u00e9voquer la mort. Elle est l\u00e0, de toutes fa\u00e7ons<\/strong> \u2014 dans ce tableau qui s\u2019est longtemps appel\u00e9 \u00ab\u00a0Anxi\u00e9t\u00e9\u00a0\u00bb et que l\u2019on a finalement nomm\u00e9 \u00ab\u00a0Obscurit\u00e9\u00a0\u00bb, on danse au bord de l\u2019ab\u00eeme\u00a0\u00bb.<\/p>\n\n\n\n<p>Pourquoi pas, mais alors la question est : POURQUOI associer notre histoire de mani\u00e8re aussi obsessionnelle (pour ne pas dire pathologique) avec la mort, la violence et la destruction ? Pourquoi cette thanatophilie r\u00e9currente tout au long des quatre heures de spectacle (1) ? Vous pensez qu&rsquo;on ne finit pas par les voir, vos r\u00eaves malades de r\u00e9volution sanglante, de mise \u00e0 bas de tout ce qui a pr\u00e9c\u00e9d\u00e9 vos egos d\u00e9traqu\u00e9s et vos fantasmes \u00ab\u00a0d&rsquo;homme nouveau\u00a0\u00bb ?<\/p>\n\n\n\n<ul class=\"wp-block-list\">\n<li>Toujours \u00e0 propos de saint Denis.<\/li>\n<\/ul>\n\n\n\n<p>Le tableau sanglant de Marie-Antoinette d\u00e9capit\u00e9e a \u00e9c\u0153ur\u00e9 quasiment tout le monde. Esth\u00e9tiser la d\u00e9capitation d&rsquo;une femme (blanche et catholique, comme il se doit) et la Terreur r\u00e9volutionnaire, la pire p\u00e9riode de notre histoire, celle dont j&rsquo;ai honte et que je hais de tout mon \u00eatre, est toujours l&rsquo;obsession de la pire extr\u00eame gauche, on le sait.<\/p>\n\n\n\n<p>Alors on nous prend encore de haut, on nous dit, \u00ab\u00a0Mais enfin, manants, c&rsquo;est un petit clin d&rsquo;oeil \u00e0 saint Denis, le saint c\u00e9phalophore de Paris\u00a0\u00bb. Mais bien s\u00fbr, prenez-nous encore pour des jambons. Comme s&rsquo;il y avait besoin de se focaliser sur la d\u00e9capitation l\u00e9gendaire du l\u00e9gendaire saint Denis, dont les fran\u00e7ais se contrefichent depuis des si\u00e8cles et le reste du monde aussi&#8230; Non, la raison en \u00e9tait certainement plus perverse, particuli\u00e8rement le jour anniversaire de la d\u00e9capitation du p\u00e8re Hamel (26 juillet 2016) : cracher un peu plus sur le martyr des chr\u00e9tiens, l&rsquo;encourager, qui sait, et faire un petit appel du pied \u00e0 d&rsquo;autres amateurs de d\u00e9capitation, que l&rsquo;extr\u00eame gauche convoite pour conserver son \u00e9lectorat. Une mani\u00e8re aussi certainement de relativiser les crimes barbares qui pars\u00e8ment nos rues depuis quelques ann\u00e9es, en essayant de faire croire au monde que la d\u00e9capitation serait en r\u00e9alit\u00e9 une tradition culturelle bien de chez nous. C&rsquo;est une manipulation absolument honteuse.<\/p>\n\n\n\n<p>Je n&rsquo;illustrerai donc pas ce dernier paragraphe avec l&rsquo;ignoble image de Marie-Antoinette profan\u00e9e et le r\u00e9pugnant bain de sang sur la Conciergerie, mais par une image d&rsquo;elle du temps de sa splendeur, quand elle lan\u00e7ait \u00e0 la Cour de France les modes des coiffures les plus extravagantes et les plus avant-gardistes. Elle avait plus de deux si\u00e8cles d&rsquo;avance sur les d\u00e9fil\u00e9s de mode \u00ab\u00a0disruptifs\u00a0\u00bb d&rsquo;aujourd&rsquo;hui et j&rsquo;aurais pr\u00e9f\u00e9r\u00e9 la voir elle, plut\u00f4t que le p\u00e9nible et vulgaire catwalk (la pr\u00e9sentation de mode) qui a accompagn\u00e9 l&rsquo;interminable parodie de la C\u00e8ne (qui n&rsquo;avait rien de subliminal \u2013 40 minutes, ce n&rsquo;est pas franchement ce qui s&rsquo;appelle \u00ab\u00a0subliminal\u00a0\u00bb !).<\/p>\n\n\n\n<figure class=\"wp-block-image size-full\"><img loading=\"lazy\" decoding=\"async\" width=\"502\" height=\"600\" src=\"https:\/\/eromakia.fr\/wp-content\/uploads\/2024\/08\/web-leonard-perruque-belle-poule-.jpg\" alt=\"\" class=\"wp-image-25274\" srcset=\"https:\/\/eromakia.fr\/wp-content\/uploads\/2024\/08\/web-leonard-perruque-belle-poule-.jpg 502w, https:\/\/eromakia.fr\/wp-content\/uploads\/2024\/08\/web-leonard-perruque-belle-poule--251x300.jpg 251w\" sizes=\"auto, (max-width: 502px) 100vw, 502px\" \/><figcaption class=\"wp-element-caption\">Marie-Antoinette portant le pouf \u00ab\u00a0A la Belle Poule\u00a0\u00bb (1778)<\/figcaption><\/figure>\n\n\n\n<p>(1) Les quatre heures de spectacle ressemblaient fortement \u00e0 un <strong>hymne \u00e0 la mort<\/strong> : Charon sur le Styx emportant les enfants dans les \u00e9gouts et les catacombes en ouverture, le personnage d&rsquo;Assassin&rsquo;s Creed (\u00ab\u00a0Le Cr\u00e9do des Assassins\u00a0\u00bb) courant sur les toits de Paris, Marie-Antoinette d\u00e9capit\u00e9e, le bain de sang de la Terreur, la parodie de la C\u00e8ne (= le sacrifice et la mort du Christ), les cavaliers de l&rsquo;Apocalypse, \u00ab\u00a0Imagine\u00a0\u00bb au milieu des flammes de l&rsquo;enfer, la longue cavalcade de la \u00ab\u00a0Mort sur un cheval p\u00e2le\u00a0\u00bb, jusqu&rsquo;au clou du spectacle, C\u00e9line Dion apparaissant en \u00ab\u00a0Dame blanche\u00a0\u00bb spectrale (une <a href=\"https:\/\/fr.wikipedia.org\/wiki\/Dame_blanche_(l%C3%A9gende)\">figure populaire de la mort<\/a>) en fermeture, le visage \u00e9maci\u00e9 et les cheveux plaqu\u00e9s, appelant la mort apr\u00e8s avoir reni\u00e9 sa patrie (\u00ab\u00a0Car moi je mourrai aussi \/ Nous aurons pour nous l&rsquo;\u00e9ternit\u00e9\/ Dieu r\u00e9unit ceux qui s&rsquo;aiment\u00a0\u00bb) : tout un programme !<\/p>\n\n\n\n<ul class=\"wp-block-list\">\n<li>Image de couverture : La d\u00e9esse Sequana sur son bateau-canard, IIe-IIIe s. ap. J.-C. (Dijon, Mus\u00e9e arch\u00e9ologique). <\/li>\n<\/ul>\n\n\n\n<p>[\u00e0 suivre&#8230;]<\/p>\n\n\n\n<p><\/p>\n\n\n\n<p><\/p>\n","protected":false},"excerpt":{"rendered":"<p>Deux jours apr\u00e8s la c\u00e9r\u00e9monie, non seulement mortif\u00e8re mais subliminalement thanatophile, d&rsquo;ouverture des JO de Paris 2024, son metteur en sc\u00e8ne Thomas Jolly a d\u00fb venir se justifier sur BFMTV. Il a prof\u00e9r\u00e9 un premier gros mensonge : \u00ab\u00a0La C\u00e8ne&nbsp;? Ce n\u2019\u00e9tait&nbsp;pas mon inspiration&nbsp;\u00bb \u2013 c&rsquo;est faux, \u00e9videmment, comme je le montre dans cet article &hellip; <\/p>\n<p class=\"link-more\"><a href=\"https:\/\/eromakia.fr\/index.php\/2024\/08\/02\/mythographie-et-dadaisme-la-deesse-sequana-fille-de-dionysos\/\" class=\"more-link\">Continuer la lecture<span class=\"screen-reader-text\"> de &laquo;&nbsp;[Mythographie contemporaine] \u2013 La d\u00e9esse Sequana, fille de Dionysos ?&nbsp;&raquo;<\/span><\/a><\/p>\n","protected":false},"author":1,"featured_media":25178,"comment_status":"open","ping_status":"open","sticky":false,"template":"","format":"standard","meta":{"footnotes":""},"categories":[1],"tags":[],"class_list":["post-25168","post","type-post","status-publish","format-standard","has-post-thumbnail","hentry","category-non-classe"],"yoast_head":"<!-- This site is optimized with the Yoast SEO plugin v21.3 - https:\/\/yoast.com\/wordpress\/plugins\/seo\/ -->\n<title>[Mythographie contemporaine] \u2013 La d\u00e9esse Sequana, fille de Dionysos ? - Eromakia<\/title>\n<meta name=\"robots\" content=\"index, follow, max-snippet:-1, max-image-preview:large, max-video-preview:-1\" \/>\n<link rel=\"canonical\" href=\"https:\/\/eromakia.fr\/index.php\/2024\/08\/02\/mythographie-et-dadaisme-la-deesse-sequana-fille-de-dionysos\/\" \/>\n<meta property=\"og:locale\" content=\"fr_FR\" \/>\n<meta property=\"og:type\" content=\"article\" \/>\n<meta property=\"og:title\" content=\"[Mythographie contemporaine] \u2013 La d\u00e9esse Sequana, fille de Dionysos ? - Eromakia\" \/>\n<meta property=\"og:description\" content=\"Deux jours apr\u00e8s la c\u00e9r\u00e9monie, non seulement mortif\u00e8re mais subliminalement thanatophile, d&rsquo;ouverture des JO de Paris 2024, son metteur en sc\u00e8ne Thomas Jolly a d\u00fb venir se justifier sur BFMTV. Il a prof\u00e9r\u00e9 un premier gros mensonge : \u00ab\u00a0La C\u00e8ne&nbsp;? Ce n\u2019\u00e9tait&nbsp;pas mon inspiration&nbsp;\u00bb \u2013 c&rsquo;est faux, \u00e9videmment, comme je le montre dans cet article &hellip; Continuer la lecture de &laquo;&nbsp;[Mythographie contemporaine] \u2013 La d\u00e9esse Sequana, fille de Dionysos ?&nbsp;&raquo;\" \/>\n<meta property=\"og:url\" content=\"https:\/\/eromakia.fr\/index.php\/2024\/08\/02\/mythographie-et-dadaisme-la-deesse-sequana-fille-de-dionysos\/\" \/>\n<meta property=\"og:site_name\" content=\"Eromakia\" \/>\n<meta property=\"article:published_time\" content=\"2024-08-02T15:13:30+00:00\" \/>\n<meta property=\"article:modified_time\" content=\"2025-03-15T20:03:32+00:00\" \/>\n<meta property=\"og:image\" content=\"https:\/\/eromakia.fr\/wp-content\/uploads\/2024\/08\/Sequana_in_her_Duckboat.jpg\" \/>\n\t<meta property=\"og:image:width\" content=\"310\" \/>\n\t<meta property=\"og:image:height\" content=\"385\" \/>\n\t<meta property=\"og:image:type\" content=\"image\/jpeg\" \/>\n<meta name=\"author\" content=\"Eromakia\" \/>\n<meta name=\"twitter:card\" content=\"summary_large_image\" \/>\n<meta name=\"twitter:label1\" content=\"\u00c9crit par\" \/>\n\t<meta name=\"twitter:data1\" content=\"Eromakia\" \/>\n\t<meta name=\"twitter:label2\" content=\"Dur\u00e9e de lecture estim\u00e9e\" \/>\n\t<meta name=\"twitter:data2\" content=\"13 minutes\" \/>\n<script type=\"application\/ld+json\" class=\"yoast-schema-graph\">{\"@context\":\"https:\/\/schema.org\",\"@graph\":[{\"@type\":\"WebPage\",\"@id\":\"https:\/\/eromakia.fr\/index.php\/2024\/08\/02\/mythographie-et-dadaisme-la-deesse-sequana-fille-de-dionysos\/\",\"url\":\"https:\/\/eromakia.fr\/index.php\/2024\/08\/02\/mythographie-et-dadaisme-la-deesse-sequana-fille-de-dionysos\/\",\"name\":\"[Mythographie contemporaine] \u2013 La d\u00e9esse Sequana, fille de Dionysos ? - Eromakia\",\"isPartOf\":{\"@id\":\"https:\/\/eromakia.fr\/#website\"},\"datePublished\":\"2024-08-02T15:13:30+00:00\",\"dateModified\":\"2025-03-15T20:03:32+00:00\",\"author\":{\"@id\":\"https:\/\/eromakia.fr\/#\/schema\/person\/8d79faa25100a008a48d2cf2fab98932\"},\"breadcrumb\":{\"@id\":\"https:\/\/eromakia.fr\/index.php\/2024\/08\/02\/mythographie-et-dadaisme-la-deesse-sequana-fille-de-dionysos\/#breadcrumb\"},\"inLanguage\":\"fr-FR\",\"potentialAction\":[{\"@type\":\"ReadAction\",\"target\":[\"https:\/\/eromakia.fr\/index.php\/2024\/08\/02\/mythographie-et-dadaisme-la-deesse-sequana-fille-de-dionysos\/\"]}]},{\"@type\":\"BreadcrumbList\",\"@id\":\"https:\/\/eromakia.fr\/index.php\/2024\/08\/02\/mythographie-et-dadaisme-la-deesse-sequana-fille-de-dionysos\/#breadcrumb\",\"itemListElement\":[{\"@type\":\"ListItem\",\"position\":1,\"name\":\"Accueil\",\"item\":\"https:\/\/eromakia.fr\/\"},{\"@type\":\"ListItem\",\"position\":2,\"name\":\"[Mythographie contemporaine] \u2013 La d\u00e9esse Sequana, fille de Dionysos ?\"}]},{\"@type\":\"WebSite\",\"@id\":\"https:\/\/eromakia.fr\/#website\",\"url\":\"https:\/\/eromakia.fr\/\",\"name\":\"Eromakia\",\"description\":\"Art, Love and Fight Chronicles\",\"potentialAction\":[{\"@type\":\"SearchAction\",\"target\":{\"@type\":\"EntryPoint\",\"urlTemplate\":\"https:\/\/eromakia.fr\/?s={search_term_string}\"},\"query-input\":\"required name=search_term_string\"}],\"inLanguage\":\"fr-FR\"},{\"@type\":\"Person\",\"@id\":\"https:\/\/eromakia.fr\/#\/schema\/person\/8d79faa25100a008a48d2cf2fab98932\",\"name\":\"Eromakia\",\"image\":{\"@type\":\"ImageObject\",\"inLanguage\":\"fr-FR\",\"@id\":\"https:\/\/eromakia.fr\/#\/schema\/person\/image\/\",\"url\":\"https:\/\/secure.gravatar.com\/avatar\/8266e905c06552885a82fe6cba24493ce804a3e255e4bc4becc87202a9ce14ae?s=96&d=mm&r=g\",\"contentUrl\":\"https:\/\/secure.gravatar.com\/avatar\/8266e905c06552885a82fe6cba24493ce804a3e255e4bc4becc87202a9ce14ae?s=96&d=mm&r=g\",\"caption\":\"Eromakia\"},\"url\":\"https:\/\/eromakia.fr\/index.php\/author\/eromakia\/\"}]}<\/script>\n<!-- \/ Yoast SEO plugin. -->","yoast_head_json":{"title":"[Mythographie contemporaine] \u2013 La d\u00e9esse Sequana, fille de Dionysos ? - Eromakia","robots":{"index":"index","follow":"follow","max-snippet":"max-snippet:-1","max-image-preview":"max-image-preview:large","max-video-preview":"max-video-preview:-1"},"canonical":"https:\/\/eromakia.fr\/index.php\/2024\/08\/02\/mythographie-et-dadaisme-la-deesse-sequana-fille-de-dionysos\/","og_locale":"fr_FR","og_type":"article","og_title":"[Mythographie contemporaine] \u2013 La d\u00e9esse Sequana, fille de Dionysos ? - Eromakia","og_description":"Deux jours apr\u00e8s la c\u00e9r\u00e9monie, non seulement mortif\u00e8re mais subliminalement thanatophile, d&rsquo;ouverture des JO de Paris 2024, son metteur en sc\u00e8ne Thomas Jolly a d\u00fb venir se justifier sur BFMTV. Il a prof\u00e9r\u00e9 un premier gros mensonge : \u00ab\u00a0La C\u00e8ne&nbsp;? Ce n\u2019\u00e9tait&nbsp;pas mon inspiration&nbsp;\u00bb \u2013 c&rsquo;est faux, \u00e9videmment, comme je le montre dans cet article &hellip; Continuer la lecture de &laquo;&nbsp;[Mythographie contemporaine] \u2013 La d\u00e9esse Sequana, fille de Dionysos ?&nbsp;&raquo;","og_url":"https:\/\/eromakia.fr\/index.php\/2024\/08\/02\/mythographie-et-dadaisme-la-deesse-sequana-fille-de-dionysos\/","og_site_name":"Eromakia","article_published_time":"2024-08-02T15:13:30+00:00","article_modified_time":"2025-03-15T20:03:32+00:00","og_image":[{"width":310,"height":385,"url":"https:\/\/eromakia.fr\/wp-content\/uploads\/2024\/08\/Sequana_in_her_Duckboat.jpg","type":"image\/jpeg"}],"author":"Eromakia","twitter_card":"summary_large_image","twitter_misc":{"\u00c9crit par":"Eromakia","Dur\u00e9e de lecture estim\u00e9e":"13 minutes"},"schema":{"@context":"https:\/\/schema.org","@graph":[{"@type":"WebPage","@id":"https:\/\/eromakia.fr\/index.php\/2024\/08\/02\/mythographie-et-dadaisme-la-deesse-sequana-fille-de-dionysos\/","url":"https:\/\/eromakia.fr\/index.php\/2024\/08\/02\/mythographie-et-dadaisme-la-deesse-sequana-fille-de-dionysos\/","name":"[Mythographie contemporaine] \u2013 La d\u00e9esse Sequana, fille de Dionysos ? - Eromakia","isPartOf":{"@id":"https:\/\/eromakia.fr\/#website"},"datePublished":"2024-08-02T15:13:30+00:00","dateModified":"2025-03-15T20:03:32+00:00","author":{"@id":"https:\/\/eromakia.fr\/#\/schema\/person\/8d79faa25100a008a48d2cf2fab98932"},"breadcrumb":{"@id":"https:\/\/eromakia.fr\/index.php\/2024\/08\/02\/mythographie-et-dadaisme-la-deesse-sequana-fille-de-dionysos\/#breadcrumb"},"inLanguage":"fr-FR","potentialAction":[{"@type":"ReadAction","target":["https:\/\/eromakia.fr\/index.php\/2024\/08\/02\/mythographie-et-dadaisme-la-deesse-sequana-fille-de-dionysos\/"]}]},{"@type":"BreadcrumbList","@id":"https:\/\/eromakia.fr\/index.php\/2024\/08\/02\/mythographie-et-dadaisme-la-deesse-sequana-fille-de-dionysos\/#breadcrumb","itemListElement":[{"@type":"ListItem","position":1,"name":"Accueil","item":"https:\/\/eromakia.fr\/"},{"@type":"ListItem","position":2,"name":"[Mythographie contemporaine] \u2013 La d\u00e9esse Sequana, fille de Dionysos ?"}]},{"@type":"WebSite","@id":"https:\/\/eromakia.fr\/#website","url":"https:\/\/eromakia.fr\/","name":"Eromakia","description":"Art, Love and Fight Chronicles","potentialAction":[{"@type":"SearchAction","target":{"@type":"EntryPoint","urlTemplate":"https:\/\/eromakia.fr\/?s={search_term_string}"},"query-input":"required name=search_term_string"}],"inLanguage":"fr-FR"},{"@type":"Person","@id":"https:\/\/eromakia.fr\/#\/schema\/person\/8d79faa25100a008a48d2cf2fab98932","name":"Eromakia","image":{"@type":"ImageObject","inLanguage":"fr-FR","@id":"https:\/\/eromakia.fr\/#\/schema\/person\/image\/","url":"https:\/\/secure.gravatar.com\/avatar\/8266e905c06552885a82fe6cba24493ce804a3e255e4bc4becc87202a9ce14ae?s=96&d=mm&r=g","contentUrl":"https:\/\/secure.gravatar.com\/avatar\/8266e905c06552885a82fe6cba24493ce804a3e255e4bc4becc87202a9ce14ae?s=96&d=mm&r=g","caption":"Eromakia"},"url":"https:\/\/eromakia.fr\/index.php\/author\/eromakia\/"}]}},"_links":{"self":[{"href":"https:\/\/eromakia.fr\/index.php\/wp-json\/wp\/v2\/posts\/25168","targetHints":{"allow":["GET"]}}],"collection":[{"href":"https:\/\/eromakia.fr\/index.php\/wp-json\/wp\/v2\/posts"}],"about":[{"href":"https:\/\/eromakia.fr\/index.php\/wp-json\/wp\/v2\/types\/post"}],"author":[{"embeddable":true,"href":"https:\/\/eromakia.fr\/index.php\/wp-json\/wp\/v2\/users\/1"}],"replies":[{"embeddable":true,"href":"https:\/\/eromakia.fr\/index.php\/wp-json\/wp\/v2\/comments?post=25168"}],"version-history":[{"count":118,"href":"https:\/\/eromakia.fr\/index.php\/wp-json\/wp\/v2\/posts\/25168\/revisions"}],"predecessor-version":[{"id":25939,"href":"https:\/\/eromakia.fr\/index.php\/wp-json\/wp\/v2\/posts\/25168\/revisions\/25939"}],"wp:featuredmedia":[{"embeddable":true,"href":"https:\/\/eromakia.fr\/index.php\/wp-json\/wp\/v2\/media\/25178"}],"wp:attachment":[{"href":"https:\/\/eromakia.fr\/index.php\/wp-json\/wp\/v2\/media?parent=25168"}],"wp:term":[{"taxonomy":"category","embeddable":true,"href":"https:\/\/eromakia.fr\/index.php\/wp-json\/wp\/v2\/categories?post=25168"},{"taxonomy":"post_tag","embeddable":true,"href":"https:\/\/eromakia.fr\/index.php\/wp-json\/wp\/v2\/tags?post=25168"}],"curies":[{"name":"wp","href":"https:\/\/api.w.org\/{rel}","templated":true}]}}