{"id":22241,"date":"2022-09-30T15:28:40","date_gmt":"2022-09-30T13:28:40","guid":{"rendered":"https:\/\/eromakia.fr\/?p=22241"},"modified":"2023-01-13T04:18:09","modified_gmt":"2023-01-13T03:18:09","slug":"feminisme-radical-et-peine-de-coeur-quand-madame-bovary-fait-de-la-politique","status":"publish","type":"post","link":"https:\/\/eromakia.fr\/index.php\/2022\/09\/30\/feminisme-radical-et-peine-de-coeur-quand-madame-bovary-fait-de-la-politique\/","title":{"rendered":"[\u00c9gof\u00e9minisme radical et peines de c\u0153ur] \u2013 Quand Madame Bovary fait de la politique"},"content":{"rendered":"\n<p><strong>En d\u00e9fense d&rsquo;\u00c9lisabeth Badinter<\/strong><\/p>\n\n\n\n<p>Je profite de la pol\u00e9mique autour des propos d&rsquo;\u00c9lisabeth Badinter sur <em>France Inter<\/em> le 28 septembre 2022 (<a href=\"https:\/\/www.youtube.com\/watch?v=4JBBdGpQtVw\">\u00ab\u00a0\u00c9lisabeth Badinter : \u00ab\u00a0On livre des hommes \u00e0 la vindicte publique sans passer par la justice\u00a0\u00bb<\/a>) pour revenir sur le fond de l&rsquo;affaire Rousseau-Bayou et sur ce qu&rsquo;elle r\u00e9v\u00e8le de l&rsquo;inexorable d\u00e9route du n\u00e9o-f\u00e9minisme.<\/p>\n\n\n\n<p>Tout d&rsquo;abord, je partage la tristesse et le d\u00e9go\u00fbt de Pascal Praud dans son \u00e9dito du 29\/09 (<a href=\"https:\/\/www.dailymotion.com\/video\/x8e2i4n\">\u00ab\u00a0\u00c9. Badinter attaqu\u00e9e par les n\u00e9o-f\u00e9ministes\u00a0\u00bb<\/a>). Qui sont en effet ces Mathilde Panot, Najat Vallaud-Belkacem et autres Sandrine Rousseau pour parler de cette mani\u00e8re d&rsquo;\u00c9lisabeth Badinter ? Quels essais philosophiques sur l&rsquo;histoire ou sur le f\u00e9minisme ont-elles produits ?  Rien, nada, que tchi, walou, macache : le n\u00e9ant ! Tout juste quelques tweets idiots, quelques petites phrases m\u00e9diatiques \u00e0 la hauteur de leur stupidit\u00e9, quelques pamphlets politiques de seconde zone \u00e9crits avec les pieds&#8230;<strong> Intellectuellement, elles ne sont rien, rien de rien \u2013 et elles ne seront jamais rien !<\/strong> J&rsquo;essaie en g\u00e9n\u00e9ral de ne pas trop abuser de l&rsquo;argument d&rsquo;autorit\u00e9, mais il y a un moment o\u00f9 cette b\u00eatise crasse, n\u00e9e avant la honte, oblige \u00e0 rappeler qui est qui. <\/p>\n\n\n\n<figure class=\"wp-block-image size-large\"><img loading=\"lazy\" decoding=\"async\" width=\"727\" height=\"588\" src=\"https:\/\/eromakia.fr\/wp-content\/uploads\/2022\/09\/chrome_ne4HQbvpfi.png\" alt=\"\" class=\"wp-image-22259\" srcset=\"https:\/\/eromakia.fr\/wp-content\/uploads\/2022\/09\/chrome_ne4HQbvpfi.png 727w, https:\/\/eromakia.fr\/wp-content\/uploads\/2022\/09\/chrome_ne4HQbvpfi-300x243.png 300w\" sizes=\"auto, (max-width: 727px) 100vw, 727px\" \/><\/figure>\n\n\n\n<p>Parce qu&rsquo;elles savent qu&rsquo;elles seraient toutes incapables de soutenir un d\u00e9bat sur le fond \u2013 notamment les questions historiques et judiciaires \u2013, avec \u00c9lisabeth Badinter, tout ce qu&rsquo;elles savent faire, c&rsquo;est tweeter inlassablement leur rage et leur b\u00eatise. La reine du bal est comme d&rsquo;habitude Sandrine Rousseau, la mono-neuron\u00e9e \u2013 il n&rsquo;y a de la place dans son indigent cortex que pour un seul concept, toujours le m\u00eame :<\/p>\n\n\n\n<figure class=\"wp-block-image size-large\"><img loading=\"lazy\" decoding=\"async\" width=\"735\" height=\"646\" src=\"https:\/\/eromakia.fr\/wp-content\/uploads\/2022\/09\/chrome_PsiRPtudPu.png\" alt=\"\" class=\"wp-image-22262\" srcset=\"https:\/\/eromakia.fr\/wp-content\/uploads\/2022\/09\/chrome_PsiRPtudPu.png 735w, https:\/\/eromakia.fr\/wp-content\/uploads\/2022\/09\/chrome_PsiRPtudPu-300x264.png 300w\" sizes=\"auto, (max-width: 735px) 100vw, 735px\" \/><figcaption>D\u00e9bila Rousseau partie \u00e0 l&rsquo;assaut des moulins \u00e0 vent.<\/figcaption><\/figure>\n\n\n\n<p>Gogolita Rousseau, alias do\u00f1a Chochotte des temps nouveaux, arm\u00e9e de son Twitter et de son lance-flammes en mousse crisp\u00e9e, s&rsquo;imagine donc qu&rsquo;elle va faire \u00ab\u00a0flamber le patriarcat\u00a0\u00bb \ud83d\ude44\ud83d\ude44\ud83d\ude44.  Mais de quel patriarcat parle-t-elle, au juste ? De celui des iraniennes ? Oh que non ! Pas de risque qu&rsquo;elle se rende sur place ou qu&rsquo;elle se m\u00eale de \u00e7a, pas folle, la gu\u00eape ! Il n&rsquo;y a que les <a href=\"https:\/\/eromakia.fr\/index.php\/la-supercherie-du-patriarcat\/\">combats contre les moulins \u00e0 vents qui l&rsquo;int\u00e9ressent<\/a> ; le r\u00e9el est beaucoup trop risqu\u00e9, faut pas rigoler. Madame Bovary ne se risque pas sur les v\u00e9ritables th\u00e9\u00e2tres de guerre, c&rsquo;est la base.<\/p>\n\n\n\n<figure class=\"wp-block-image size-large\"><img loading=\"lazy\" decoding=\"async\" width=\"1024\" height=\"986\" src=\"https:\/\/eromakia.fr\/wp-content\/uploads\/2022\/09\/Plantu-1024x986.jpg\" alt=\"\" class=\"wp-image-22265\" srcset=\"https:\/\/eromakia.fr\/wp-content\/uploads\/2022\/09\/Plantu-1024x986.jpg 1024w, https:\/\/eromakia.fr\/wp-content\/uploads\/2022\/09\/Plantu-300x289.jpg 300w, https:\/\/eromakia.fr\/wp-content\/uploads\/2022\/09\/Plantu-768x740.jpg 768w, https:\/\/eromakia.fr\/wp-content\/uploads\/2022\/09\/Plantu.jpg 1080w\" sizes=\"auto, (max-width: 767px) 89vw, (max-width: 1000px) 54vw, (max-width: 1071px) 543px, 580px\" \/><\/figure>\n\n\n\n<p><strong>Mais que reprochent donc <strong>les neurasth\u00e9niques<\/strong><\/strong> <strong>\u00e0 \u00c9lisabeth Badinter ?<\/strong><\/p>\n\n\n\n<p>\u00c9. B.  aurait parl\u00e9 de \u00ab\u00a0gens de couleur\u00a0\u00bb, dites-donc&#8230; Oui, et alors ?  C&rsquo;est comme \u00e7a que tout le monde disait avant qu&rsquo;on nous bassine avec les racis.\u00e9.e.s ! Assez de novlangue ! De toutes fa\u00e7ons, personne n&rsquo;est dupe : ce n&rsquo;est qu&rsquo;une mani\u00e8re de pinailler sur la forme quand on est prise la main dans le sac \u00e0 pratiquer soi-m\u00eame le pire racisme qui soit, celui qui se pr\u00e9tend anti-raciste, mais qui ne voit QUE la couleur des gens et ne les assigne qu&rsquo;en fonction de leur naissance, de leur sexe ou de leur race. Et d&rsquo;ailleurs, pourquoi ne lui retourne-t-on jamais le compliment, \u00e0 Torquemada Rousseau, dans les rangs de l&rsquo;extr\u00eame gauche ? <strong>Pourquoi ne lui demande-t-on jamais, puisqu&rsquo;elle n&rsquo;est elle-m\u00eame qu&rsquo;une vieille bourgeoise blanche <strong>occidentale<\/strong><\/strong> <strong>m\u00e9nopaus\u00e9e de plus de 50 ans, de fermer un peu sa gueule ?<\/strong> Puisque c&rsquo;est le tarif,<a href=\"https:\/\/twitter.com\/franceinfoplus\/status\/1575174972451872775\"> \u00e0 entendre l&rsquo;autre b\u00e9casse de Vallaud-Belkacem<\/a>, qui insinue qu&rsquo;\u00c9. B. est trop \u00e2g\u00e9e ! Que la Rousseau ne s&rsquo;avise donc pas de passer 70 ans un jour, parce que ses copines racis.\u00e9.e.s. sauront s&rsquo;occuper de son cas, on n&rsquo;en doute pas une seconde (et on se r\u00e9jouit m\u00eame \u00e0 l&rsquo;avance de ce moment) !  <\/p>\n\n\n\n<p>Ce qui la contrarie tant, do\u00f1a Rousseau, c&rsquo;est qu&rsquo;\u00c9lisabeth Badinter a parfaitement soulign\u00e9 la connivence entre islamistes, f\u00e9ministes et LGBT :<em> <em>\u00ab\u00a0Dans le syst\u00e8me de l&rsquo;intersectionnalit\u00e9, il y a une entente entre trois groupes, les gens de couleur, les n\u00e9of\u00e9ministes et les islamistes. Il y a une entente, on ne bouge pas. Vous avez peut-\u00eatre remarqu\u00e9 que les islamistes ne disent jamais un mot contre les militantes LGBT\u00a0\u00bb<\/em>.<\/em> <em>\u00ab\u00a0Il y a une logique. Quand on fait face, \u00e0 l&rsquo;ext\u00e9rieur, avec des alli\u00e9s pareils, on ne bouge pas. Et c&rsquo;est r\u00e9ciproque\u00a0\u00bb <\/em>(6&prime;), et c&rsquo;est bien s\u00fbr cette v\u00e9rit\u00e9 qui lui reste en travers [sur cet \u00e9tat de fait, voir aussi mon article de 2018, <a href=\"https:\/\/eromakia.fr\/index.php\/neo-feminisme-et-islamisme-les-convergences\/\">\u00ab\u00a0F\u00e9minisme et islamisme, les convergences\u00a0\u00bb<\/a>].<\/p>\n\n\n\n<p>Mais c&rsquo;est surtout qu&rsquo;\u00c9. B. l&rsquo;a mise devant ses actes : \u00ab\u00a0<em>A la t\u00eate de la radicalisation, nous avons une d\u00e9put\u00e9e \u00e9colo, madame Rousseau, qui veut faire tout flamber (&#8230;). O\u00f9 sommes-nous, pour m\u00e9priser \u00e0 ce point la justice ? Mme Rousseau est dans la toute-puissance et se permet de contrer la justice\u00a0\u00bb<\/em>:<\/p>\n\n\n\n<figure class=\"wp-block-embed is-type-rich is-provider-twitter wp-block-embed-twitter\"><div class=\"wp-block-embed__wrapper\">\n<blockquote class=\"twitter-tweet\" data-width=\"525\" data-dnt=\"true\"><p lang=\"fr\" dir=\"ltr\">Elisabeth Badinter : &quot;A la t\u00eate de la radicalisation, nous avons une d\u00e9put\u00e9e \u00e9colo, madame Rousseau, qui veut faire tout flamber (&#8230;). O\u00f9 sommes-nous, pour m\u00e9priser \u00e0 ce point la justice ? Mme Rousseau est dans la toute-puissance et se permet de contrer la justice&quot; <a href=\"https:\/\/twitter.com\/hashtag\/le7930inter?src=hash&amp;ref_src=twsrc%5Etfw\">#le7930inter<\/a> <a href=\"https:\/\/t.co\/M6E2u3M16l\">pic.twitter.com\/M6E2u3M16l<\/a><\/p>&mdash; France Inter (@franceinter) <a href=\"https:\/\/twitter.com\/franceinter\/status\/1575012102808403968?ref_src=twsrc%5Etfw\">September 28, 2022<\/a><\/blockquote><script async src=\"https:\/\/platform.twitter.com\/widgets.js\" charset=\"utf-8\"><\/script>\n<\/div><\/figure>\n\n\n\n<p>Do\u00f1a Chochotte \u00ab\u00a0assume\u00a0\u00bb donc en r\u00e9ponse qu&rsquo;elle veut faire flamber <a href=\"https:\/\/eromakia.fr\/index.php\/la-supercherie-du-patriarcat\/\">\u00ab\u00a0le patriarcat\u00a0\u00bb<\/a> \ud83d\ude44. Je repose alors la question : de quel \u00ab\u00a0patriarcat\u00a0\u00bb parle-t-elle ici, particuli\u00e8rement dans le cas de Julien Bayou ? Du \u00ab\u00a0patriarcat\u00a0\u00bb qui pousse un homme \u00e0 quitter une compagne \u00e9plor\u00e9e qui ne trouve rien de mieux pour purger sa rage et son chagrin que de le d\u00e9noncer au Politburo du parti afin que la Stasi l&rsquo;exp\u00e9die fissa au goulag ?<\/p>\n\n\n\n<p>[Edit : Je ne croyais pas tomber si juste en parlant de Stasi politique \u00e0 EELV, puisque les faits sont encore pires : il s&rsquo;agit tr\u00e8s clairement d&rsquo;une secte morale : <a href=\"https:\/\/www.liberation.fr\/politique\/affaire-bayou-comment-des-militantes-et-des-ex-ont-mis-le-chef-dee-lv-sous-surveillance-20220930_V34QLSZHJ5GJ5K3PHVIGIHRBSE\/?fbclid=IwAR0MmOekjZd4aNwAb1oZpQzj75OrcspCdkCxEaiufD6OE5oK20RsY68US2Y\">\u00ab\u00a0Affaire Bayou: comment des militantes et des ex ont mis le chef d\u2019EE-LV sous surveillance\u00a0\u00bb<\/a>, <em>Lib\u00e9ration<\/em>, 30\/09\/22)<\/p>\n\n\n\n<p>Comment peut-on confondre un couple qui se d\u00e9chire dans une banale affaire de s\u00e9paration (et probablement de tromperie) avec le \u00ab\u00a0patriarcat\u00a0\u00bb ? Comme est-ce rang\u00e9 dans la cervelle de ces pauvres f\u00e9ministes ? Quand c&rsquo;est la femme qui d\u00e9couche avec un autre homme ou qui s&rsquo;en va (cas tout aussi fr\u00e9quent, si ce n&rsquo;est plus), il faudrait appeler \u00e7a comment, alors, du \u00ab\u00a0matriarcat\u00a0\u00bb ?<\/p>\n\n\n\n<p>Il est ensuite question dans l&rsquo;interview de Laurence Rossignol, autre engin n\u00e9of\u00e9ministe  de comp\u00e9tition, qui pr\u00e9tend instaurer sa <em>\u00ab\u00a0propre d\u00e9ontologie, diff\u00e9rente du code p\u00e9nal et des d\u00e9cisions de justice\u00a0\u00bb<\/em> (10&prime;). Ben voyons ! Il faudrait laisser la police politique de ces folles furieuses d\u00e9truire librement et impun\u00e9ment tout homme qui ne se soumet pas \u00e0 leurs diktats ? Et puis quoi encore ? <\/p>\n\n\n\n<p>\u00c9lisabeth Badinter r\u00e9pond tr\u00e8s justement <em>\u00ab\u00a0qu&rsquo;il n&rsquo;est pas possible qu&rsquo;il y ait une justice parall\u00e8le\u00a0\u00bb<\/em>, ce qui est l&rsquo;\u00e9vidence m\u00eame. Ces f\u00e9minazies ne voient donc pas qu&rsquo;elles tiennent le m\u00eame discours que les tribunaux eccl\u00e9siastiques iraniens ? Qu&rsquo;elles veulent imposer leur charia f\u00e9ministe en pi\u00e9tinant des si\u00e8cles de construction juridique en Occident ? \u00c9ric Dupont-Moretti a eu parfaitement raison de dire qu&rsquo;il \u00e9tait urgent de siffler la fin de la r\u00e9cr\u00e9 et <a href=\"https:\/\/www.bfmtv.com\/police-justice\/madame-rousseau-n-est-pas-procureure-dupond-moretti-fustige-a-nouveau-la-gestion-du-cas-bayou_AN-202209280242.html\">je le f\u00e9licite chaudement pour sa prise de parole percutante<\/a>. Jusqu&rsquo;\u00e0 quand va-t-on se laisser marcher sur les pieds par ces ayatollahs en jupons ?<\/p>\n\n\n\n<p><strong>\u00c9lisabeth Badinter a raison : le viol n&rsquo;est pas un crime contre l&rsquo;humanit\u00e9 et la prescription a un sens<\/strong><\/p>\n\n\n\n<p>Avec la question du viol, on touche ensuite au c\u0153ur de la n\u00e9vrose puritaine n\u00e9of\u00e9ministe. \u00c9lisabeth Badinter dit en substance : <em>\u00ab\u00a0Ce que reprochent les f\u00e9ministes de <a href=\"https:\/\/twitter.com\/hashtag\/MeToo?src=hashtag_click\">#MeToo<\/a> \u00e0 la justice, c&rsquo;est la question de la prescription. Si on en finissait avec la prescription, ce serait assimiler les violences sexistes au crime contre l&rsquo;humanit\u00e9, le seul \u00e0 \u00eatre imprescriptible.\u00a0\u00bb <\/em>(11&prime;)<\/p>\n\n\n\n<figure class=\"wp-block-embed is-type-rich is-provider-twitter wp-block-embed-twitter\"><div class=\"wp-block-embed__wrapper\">\n<blockquote class=\"twitter-tweet\" data-width=\"525\" data-dnt=\"true\"><p lang=\"fr\" dir=\"ltr\">Elisabeth Badinter : &quot;Ce que reprochent les f\u00e9ministes de <a href=\"https:\/\/twitter.com\/hashtag\/MeToo?src=hash&amp;ref_src=twsrc%5Etfw\">#MeToo<\/a> \u00e0 la justice, c&#39;est la question de la prescription. Si on en finissait avec la prescription, ce serait assimiler les violences sexistes au crime contre l&#39;humanit\u00e9, le seul \u00e0 \u00eatre imprescriptible.&quot; <a href=\"https:\/\/twitter.com\/hashtag\/le7930inter?src=hash&amp;ref_src=twsrc%5Etfw\">#le7930inter<\/a> <a href=\"https:\/\/t.co\/ehtl5Q3vu4\">pic.twitter.com\/ehtl5Q3vu4<\/a><\/p>&mdash; France Inter (@franceinter) <a href=\"https:\/\/twitter.com\/franceinter\/status\/1575013257223479297?ref_src=twsrc%5Etfw\">September 28, 2022<\/a><\/blockquote><script async src=\"https:\/\/platform.twitter.com\/widgets.js\" charset=\"utf-8\"><\/script>\n<\/div><\/figure>\n\n\n\n<p><em>Oui, la prescription a un sens<\/em><\/p>\n\n\n\n<p>N&rsquo;\u00e9tant pas juriste, je me contenterai ici de rappeler ce que ceux-ci en disent : supprimer la prescription pour les affaires sexuelles reviendrait \u00e0 juger \u00e0 des d\u00e9cennies de distance des faits totalement ind\u00e9montrables, o\u00f9 ce serait parole contre parole et qui s&rsquo;ach\u00e8veraient invariablement soit par des non lieux ou des classements sans suites (rendant les femmes encore plus am\u00e8res), soit par des condamnations sans preuves en dehors de tout \u00e9tat de droit (donc chose impossible en th\u00e9orie, \u00e0 moins que la charia f\u00e9ministe n&rsquo;ait \u00e9t\u00e9 vot\u00e9e entretemps par le parlement). Ces buses f\u00e9ministes ne comprennent donc pas que <strong>supprimer la prescription ne leur rendrait justice d&rsquo;aucune fa\u00e7on, bien au contraire !<\/strong><\/p>\n\n\n\n<p>\u00c9lisabeth Badinter a donc parfaitement raison d&rsquo;insister sur l&rsquo;urgence de d\u00e9poser une plainte sans d\u00e9lai pour que les faits soient v\u00e9rifiables et v\u00e9rifi\u00e9s. Quand c&rsquo;est ce qui se passe, les tribunaux sont sans piti\u00e9 pour les violeurs, qui sont toujours condamn\u00e9s, souvent m\u00eame au-del\u00e0 des r\u00e9quisitions. Il est faux \u00e9galement de pr\u00e9tendre que les policiers ne prennent pas correctement les plaintes pour viol. Ils ont \u00e9t\u00e9 form\u00e9s \u00e0 cela et sont particuli\u00e8rement \u00e0 l&rsquo;\u00e9coute sur ces sujets \u2013 ne serait-ce que pour \u00e9viter des pataqu\u00e8s sur les r\u00e9seaux sociaux, avec des associations f\u00e9ministes qui n&rsquo;attendent que le moindre faux pas pour harceler les commissariats. D&rsquo;ailleurs, on l&rsquo;a vu avec l&rsquo;affaire Quatennens : une simple main courante d\u00e9clenche imm\u00e9diatement une judiciarisation (m\u00eame si la victime ne le souhaite pas !)<\/p>\n\n\n\n<p>Mais quand, dans le m\u00eame temps, Caroline de Haas <strong>qui elle, d\u00e9fend la prescription<\/strong> (comme quoi&#8230;), peste parce qu&rsquo;il y a trop de gens (donc de violeurs) en prison, on sent que c&rsquo;est encore la quadrature du cercle et que les neurones en sous-nombre des f\u00e9ministes ne sauraient de nouveau tarder \u00e0 disjoncter : <\/p>\n\n\n\n<figure class=\"wp-block-image size-large\"><img loading=\"lazy\" decoding=\"async\" width=\"962\" height=\"438\" src=\"https:\/\/eromakia.fr\/wp-content\/uploads\/2022\/09\/DeHaas-prison1-.jpg\" alt=\"\" class=\"wp-image-22307\" srcset=\"https:\/\/eromakia.fr\/wp-content\/uploads\/2022\/09\/DeHaas-prison1-.jpg 962w, https:\/\/eromakia.fr\/wp-content\/uploads\/2022\/09\/DeHaas-prison1--300x137.jpg 300w, https:\/\/eromakia.fr\/wp-content\/uploads\/2022\/09\/DeHaas-prison1--768x350.jpg 768w\" sizes=\"auto, (max-width: 767px) 89vw, (max-width: 1000px) 54vw, (max-width: 1071px) 543px, 580px\" \/><figcaption>Janvier 2021 et septembre 2022. D&rsquo;accord, on ferme les prisons. Mais du coup, on en fait quoi, de vos violeurs en s\u00e9rie ? Vous les prenez en pension ?<\/figcaption><\/figure>\n\n\n\n<p><em>Il faut porter plainte le plus vite possible<\/em><\/p>\n\n\n\n<p>Quand un viol v\u00e9ritable a \u00e9t\u00e9 perp\u00e9tr\u00e9 (j&rsquo;entends un viol crapuleux ou une v\u00e9ritable violence sexuelle avec utilisation de la force, coups et blessures), <strong>les femmes, dans leur tr\u00e8s grande majorit\u00e9, portent plainte imm\u00e9diatement<\/strong>. J&rsquo;ai moi-m\u00eame accompagn\u00e9 une des mes amies, qui s&rsquo;\u00e9tait fait violer dans l&rsquo;escalier de mon immeuble, lors de son d\u00e9p\u00f4t de plainte au commissariat puis dans un service hospitalier pour les pr\u00e9l\u00e8vements. On \u00e9tait boulevers\u00e9es, on y a pass\u00e9 une partie de la nuit, mais il nous paraissait \u00e9vident qu&rsquo;il \u00e9tait crucial de le faire. Par la suite, cette amie n&rsquo;a plus jamais parl\u00e9 de cette histoire \u00e0 quiconque, pas plus \u00e0 ses parents qu&rsquo;\u00e0 ses amis, ni m\u00eame \u00e0 moi. Elle s&rsquo;en est parfaitement remise et a poursuivi sa vie sans aucun probl\u00e8me \u2013 parce que oui, \u00e7a arrive ! Il faut dire qu&rsquo;\u00e0 l&rsquo;\u00e9poque, on n&rsquo;avait pas sur le dos tous ces r\u00e9giments de f\u00e9ministes manipulatrices dont le business principal est d&rsquo;enfermer les femmes \u00e0 vie dans leurs traumatismes afin de nourrir leur propre gloire m\u00e9diatique (<a href=\"https:\/\/eromakia.fr\/index.php\/2019\/02\/14\/quand-claire-bretecher-prophetisait-la-culture-du-viol\/\">Claire Br\u00e9techer les croquait d\u00e9j\u00e0 tr\u00e8s justement \u00e0 la fin des 70&prime;<\/a>).<\/p>\n\n\n\n<p><em>L&rsquo;usage devrait distinguer clairement entre le viol avec violence et le \u00ab\u00a0bad sex\u00a0\u00bb consenti ou m\u00eame semi-consenti<\/em><\/p>\n\n\n\n<p>J&rsquo;estime \u00e0 titre personnel que <strong>le mot \u00ab\u00a0viol\u00a0\u00bb ne devrait pas recouvrir autant de r\u00e9alit\u00e9s disparates<\/strong> qui conduisent \u00e0 mettre sur le m\u00eame plan un v\u00e9ritable acte criminel avec une exp\u00e9rience consentie de \u00ab\u00a0<em>bad sex\u00a0\u00bb<\/em> (un plan cul ordinaire que l&rsquo;on regrette au petit matin),  quand ce n&rsquo;est pas une simple main aux fesses ou un regard dans le d\u00e9collet\u00e9. <strong>Les f\u00e9ministes ont fait une OPA insupportable sur le concept de viol<\/strong>, le mettant \u00e0 toutes les sauces, m\u00eame les plus improbables. Ce <em>continuum<\/em> victimaire est proprement ind\u00e9cent pour les v\u00e9ritables victimes de violences physiques et sexuelles,<strong> <\/strong>celles qui se voient confondues avec les affabulatrices, les neurasth\u00e9niques et toutes celles qui n&rsquo;ont plus que ce narratif pour pouvoir exister dans la civilisation de la <a href=\"https:\/\/eromakia.fr\/index.php\/le-fantasme-de-la-culture-du-viol\/\">\u00ab\u00a0culture du viol\u00a0\u00bb<\/a> (\u00ab\u00a0H\u00e9, regardez-moi, j&rsquo;ai \u00e9t\u00e9 viol\u00e9e, hein, j&rsquo;existe !\u00a0\u00bb).<\/p>\n\n\n\n<p>La prescription actuelle <a href=\"https:\/\/www.senat.fr\/lc\/lc178\/lc1780.html#:~:text=Le%20code%20de%20proc%C3%A9dure%20p%C3%A9nale,l'infraction%20a%20%C3%A9t%C3%A9%20commise.\">en cas de viol court entre 10 et 20 ans<\/a> selon les cas et \u00c9lisabeth Badinter a parfaitement raison de dire que c&rsquo;est largement suffisant pour aller d\u00e9poser sa plainte.  Je serais m\u00eame pour ma part pour la r\u00e9duire \u00e0 moins de 10 ans, histoire de forcer les viol\u00e9es \u00e0 porter plainte dans les plus brefs d\u00e9lais \u2013 puisque c&rsquo;est la seule v\u00e9ritable chance pour elles d&rsquo;obtenir justice et de faire condamner des hommes dangereux (si la \u00ab\u00a0sororitude\u00a0\u00bb existait vraiment, ce serait ici qu&rsquo;elle devrait \u00eatre d\u00e9montr\u00e9e, dans un authentique souci des autres). <\/p>\n\n\n\n<p>J&rsquo;en ai assez de ces discours victimaires de femmes soi-disant trop fragiles pour aller porter plainte, qui se r\u00e9veillent des d\u00e9cennies plus tard uniquement pour des raisons de ranc\u0153ur et de ressentiment, ou par jalousie et envie de se payer un homme qui a mieux r\u00e9ussi qu&rsquo;elles dans la vie. Il est tellement \u00e9vident que ce n&rsquo;est qu&rsquo;une entreprise de vengeance avec de tr\u00e8s grosses ficelles. Mais comme Madame Bovary a pris le pouvoir&#8230; :<\/p>\n\n\n\n<figure class=\"wp-block-embed is-type-wp-embed is-provider-eromakia wp-block-embed-eromakia\"><div class=\"wp-block-embed__wrapper\">\n<blockquote class=\"wp-embedded-content\" data-secret=\"Ha6CpN3Y5y\"><a href=\"https:\/\/eromakia.fr\/index.php\/tricoteuses-et-furies-de-la-guillotine-la-fausse-accusation-de-viol\/\">[Tricoteuses et furies de la guillotine] \u2013 Les fausses accusations de viol (#Mythoo)<\/a><\/blockquote><iframe loading=\"lazy\" class=\"wp-embedded-content\" sandbox=\"allow-scripts\" security=\"restricted\" style=\"position: absolute; clip: rect(1px, 1px, 1px, 1px);\" title=\"\u00ab\u00a0[Tricoteuses et furies de la guillotine] \u2013 Les fausses accusations de viol (#Mythoo)\u00a0\u00bb &#8212; Eromakia\" src=\"https:\/\/eromakia.fr\/index.php\/tricoteuses-et-furies-de-la-guillotine-la-fausse-accusation-de-viol\/embed\/#?secret=WgWr7fH5h9#?secret=Ha6CpN3Y5y\" data-secret=\"Ha6CpN3Y5y\" width=\"525\" height=\"296\" frameborder=\"0\" marginwidth=\"0\" marginheight=\"0\" scrolling=\"no\"><\/iframe>\n<\/div><\/figure>\n\n\n\n<p><strong>Oui, les femmes doivent prendre leurs responsabilit\u00e9s<\/strong><\/p>\n\n\n\n<p>\u00c9lisabeth Badinter a recouru au concept honni des f\u00e9ministes, le mot qu&rsquo;il ne faut jamais prononcer devant elles, celui de \u00ab\u00a0responsabilit\u00e9\u00a0\u00bb: <em>\u00ab\u00a0Pourquoi on ne porterait pas plainte avant la prescription ? Parfois il faut prendre ses responsabilit\u00e9s (&#8230;) Je comprends bien que \u00e7a soit tr\u00e8s difficile \u00e0 \u00e9voquer pendant des ann\u00e9es. Mais quand m\u00eame, 10 ans, ce n\u2019est pas si mal\u00a0\u00bb.<\/em> <\/p>\n\n\n\n<p>C&rsquo;\u00e9tait oublier que <em>jamais une f\u00e9ministe ne peut \u00eatre tenue pour responsable de quoi que que ce soit<\/em>. Car<strong> f\u00e9ministe \u00e9gale irresponsable, ou mineure \u00e0 vie<\/strong>. Et totalement irrationnelle et exclusivement dans l&rsquo;\u00e9motion et la neurasth\u00e9nie, ajouterait fi\u00e8rement Sardine Rousseau. Eh bien moi, c&rsquo;est en tant que femme que je vous envoie pa\u00eetre, les grosses d\u00e9biles ; \u00e7a suffit, ces discours. Comme le dit tr\u00e8s justement une de mes amies Facebook :<\/p>\n\n\n\n<figure class=\"wp-block-image size-large\"><img loading=\"lazy\" decoding=\"async\" width=\"556\" height=\"171\" src=\"https:\/\/eromakia.fr\/wp-content\/uploads\/2022\/09\/Guerrieres.png\" alt=\"\" class=\"wp-image-22312\" srcset=\"https:\/\/eromakia.fr\/wp-content\/uploads\/2022\/09\/Guerrieres.png 556w, https:\/\/eromakia.fr\/wp-content\/uploads\/2022\/09\/Guerrieres-300x92.png 300w\" sizes=\"auto, (max-width: 556px) 100vw, 556px\" \/><\/figure>\n\n\n\n<p>Qui plus est, les violences sexuelles ne sont pas n\u00e9cessairement les plus traumatisantes :<\/p>\n\n\n\n<figure class=\"wp-block-image size-large\"><img loading=\"lazy\" decoding=\"async\" width=\"557\" height=\"363\" src=\"https:\/\/eromakia.fr\/wp-content\/uploads\/2022\/09\/01-3.png\" alt=\"\" class=\"wp-image-22313\" srcset=\"https:\/\/eromakia.fr\/wp-content\/uploads\/2022\/09\/01-3.png 557w, https:\/\/eromakia.fr\/wp-content\/uploads\/2022\/09\/01-3-300x196.png 300w\" sizes=\"auto, (max-width: 557px) 100vw, 557px\" \/><\/figure>\n\n\n\n<figure class=\"wp-block-image size-large\"><img loading=\"lazy\" decoding=\"async\" width=\"529\" height=\"474\" src=\"https:\/\/eromakia.fr\/wp-content\/uploads\/2022\/09\/02-3.png\" alt=\"\" class=\"wp-image-22314\" srcset=\"https:\/\/eromakia.fr\/wp-content\/uploads\/2022\/09\/02-3.png 529w, https:\/\/eromakia.fr\/wp-content\/uploads\/2022\/09\/02-3-300x269.png 300w\" sizes=\"auto, (max-width: 529px) 100vw, 529px\" \/><\/figure>\n\n\n\n<figure class=\"wp-block-image size-large\"><img loading=\"lazy\" decoding=\"async\" width=\"551\" height=\"225\" src=\"https:\/\/eromakia.fr\/wp-content\/uploads\/2022\/09\/03-3.png\" alt=\"\" class=\"wp-image-22322\" srcset=\"https:\/\/eromakia.fr\/wp-content\/uploads\/2022\/09\/03-3.png 551w, https:\/\/eromakia.fr\/wp-content\/uploads\/2022\/09\/03-3-300x123.png 300w\" sizes=\"auto, (max-width: 551px) 100vw, 551px\" \/><\/figure>\n\n\n\n<p>Voil\u00e0, pas mieux. Assez de postures ; <strong>si le pr\u00e9judice est r\u00e9el, il faut porter plainte<\/strong>. Parce que sinon, c&rsquo;est la porte ouverte \u00e0 la r\u00e9vocation en doute de la parole de la victime. Et dans ce cas, elle perdra toujours en justice : elle n&rsquo;obtiendra que des non lieux ou des acquittements. Ce ne sont d\u00e9j\u00e0 plus dans les faits que des occasions pour jeter des hommes en p\u00e2ture sur les r\u00e9seaux sociaux afin de purger sa haine ou sa jalousie malveillante. Il faut h\u00e9las reconna\u00eetre qu&rsquo;actuellement, \u00e7a fonctionne plut\u00f4t bien&#8230; mais jusqu&rsquo;\u00e0 quand ? Les hommes finiront bien par se rebeller et rendre coup pour coup.  Les proc\u00e8s en diffamation sont d&rsquo;ailleurs de plus en plus fr\u00e9quents \u2013 proc\u00e8s que les hommes gagnent quasiment toujours&#8230;<\/p>\n\n\n\n<p><strong>Non, on ne vous croit pas toujours, et on a bien raison<\/strong><\/p>\n\n\n\n<p>A propos des exc\u00e8s de <em>#MeToo<\/em>, \u00c9lisabeth Badinter dit dans l&rsquo;interview : <em>\u00ab\u00a0Il y a des exc\u00e8s plus ou moins graves. Quand on se propose de tourner le dos au judiciaire pour exercer sa propre justice, <strong>nous n&rsquo;avons pas la certitude de leur objectivit\u00e9, ni m\u00eame de leur honn\u00eatet\u00e9.<\/strong> Parce que moi, je ne comprends pas bien ce qui se passe au seins de la Nupes, \u00e0 savoir pour les uns, c&rsquo;est pas grave, pour les autres, c&rsquo;est la fin de la pr\u00e9somption d&rsquo;innocence et d&rsquo;un travail s\u00e9rieux\u00a0\u00bb (12&rsquo;50).<\/em><\/p>\n\n\n\n<p>Et comme elle dit \u00e0 la fin, en r\u00e9ponse \u00e0 un auditeur : <em>\u00ab\u00a0Il faut en finir avec l&rsquo;expression \u00ab\u00a0les hommes sont des salauds et les femmes sont des victimes\u00a0\u00bb. Il faut savoir raison garder. Oui, des hommes se comportent mal, oserais-je dire qu&rsquo;il y a aussi des femmes qui se comportent mal.\u00a0\u00bb<\/em> (24&rsquo;45)<\/p>\n\n\n\n<p>La question de la v\u00e9racit\u00e9 de la parole des femmes se pose ici de mani\u00e8re cruciale. Parce que oui, une femme peut mentir et transformer <em>a posteriori<\/em> en viol une simple affaire de <em>bad sex<\/em> et surtout, utiliser l&rsquo;accusation de viol pour faire payer tout autre chose \u2013 en g\u00e9n\u00e9ral une rupture difficile. C&rsquo;est ici qu&rsquo;entre en sc\u00e8ne le f\u00e9minisme radical de Madame Bovary (voir plus bas).<\/p>\n\n\n\n<p><em>Fragilit\u00e9 des d\u00e9positions et r\u00e9\u00e9criture post\u00e9rieure de l&rsquo;histoire<\/em><\/p>\n\n\n\n<p>Il semble \u00e9galement qu&rsquo;un autre probl\u00e8me se pose avec la d\u00e9position des victimes. Pourquoi celles-ci ne sont-elles jamais assist\u00e9es d&rsquo;un juriste, alors que celles des agresseurs peuvent l&rsquo;\u00eatre ? Pourquoi n&rsquo;est-ce pas une requ\u00eate imp\u00e9rieuse des associations f\u00e9ministes ? Comme l&rsquo;\u00e9crit un autre de mes amis Facebook :<\/p>\n\n\n\n<figure class=\"wp-block-image size-large\"><img loading=\"lazy\" decoding=\"async\" width=\"606\" height=\"510\" src=\"https:\/\/eromakia.fr\/wp-content\/uploads\/2022\/09\/avocat_victime.png\" alt=\"\" class=\"wp-image-22340\" srcset=\"https:\/\/eromakia.fr\/wp-content\/uploads\/2022\/09\/avocat_victime.png 606w, https:\/\/eromakia.fr\/wp-content\/uploads\/2022\/09\/avocat_victime-300x252.png 300w\" sizes=\"auto, (max-width: 606px) 100vw, 606px\" \/><\/figure>\n\n\n\n<p>Est-ce que ce ne serait pas par hasard pour pouvoir r\u00e9\u00e9crire tranquillement l&rsquo;histoire, en reformulant les faits <em>a posteriori,<\/em> dans le bureau d&rsquo;une avocate f\u00e9ministe ou directement par les associations ? N&rsquo;\u00e9tant pas juriste, je ne peux pour l&rsquo;instant r\u00e9pondre \u00e0 cette question.<\/p>\n\n\n\n<p><strong>Je suis bien plus pr\u00e9occup\u00e9e par la bonne condition de mes neurones que par celle de ma muqueuse vaginale<\/strong><\/p>\n\n\n\n<p><a href=\"https:\/\/eromakia.fr\/index.php\/2022\/09\/23\/imposture-feministe-la-gifle-et-le-genre\/\">L&rsquo;affaire de la gifle de Quatennens<\/a> m&rsquo;a encore r\u00e9cemment donn\u00e9 l&rsquo;occasion de revenir sur ma logique \u2013 et sur celle de nombreuses femmes, tout au moins celles qui ne se sont pas dramatiquement fait retourner le cerveau par la bigoterie f\u00e9ministe.  Face \u00e0 un risque \u00e9lev\u00e9 et av\u00e9r\u00e9 de violence physique masculine, j&rsquo;ai plus d&rsquo;une fois pr\u00e9f\u00e9r\u00e9 (et de loin) <em>ne pas faire me frapper \u00e0 la t\u00eate ou aux organes vitaux, plut\u00f4t que de prot\u00e9ger \u00e0 tout prix ma pr\u00e9cieuse muqueuse vaginale<\/em> (dont je n&rsquo;ai \u00e9videmment rien \u00e0 foutre dans un moment pareil \u2013 ni m\u00eame apr\u00e8s !). M\u00eame en n&rsquo;\u00e9tant pas encore migraineuse \u00e0 l&rsquo;\u00e9poque, j&rsquo;ai toujours bien plus craint de me prendre des coups sur le visage, les tempes ou le cr\u00e2ne que de serrer les dents quelques minutes avec un malotru, eh oui ! Je l&rsquo;ai toujours assum\u00e9, \u00e7a ne m&rsquo;a jamais emp\u00each\u00e9e de dormir ni m\u00eame de continuer joyeusement ma vie, et je n&rsquo;ai jamais vari\u00e9 sur ce point. Il faut dire que moi,  <strong>contrairement aux f\u00e9ministes, je raisonne avec mon cerveau, pas avec mon vagin<\/strong>, ceci expliquant probablement cela. <\/p>\n\n\n\n<p>Et je ne veux surtout pas qu&rsquo;un tribunal eccl\u00e9siastique f\u00e9ministe ou un Politburo pour l&rsquo;Observance de la puret\u00e9 morale et sexuelle prenne en charge ma vie intime. Je ne suivrai jamais les diktats et les fixations n\u00e9of\u00e9ministes, ne partageant en rien leur puritanisme et leur bitophobie primaire. J&rsquo;ose m\u00eame dire que mes ex-partenaires de <em>bad sex<\/em> m&rsquo;inspirent aujourd&rsquo;hui bien plus de sympathie que l&rsquo;ignoble Rousseau et sa clique de matrones en vertugadins. La Terreur morale, merci bien !<\/p>\n\n\n\n<p><strong>Quand Madame Bovary fait de la politique<\/strong><\/p>\n\n\n\n<p>On en arrive en conclusion au visage que r\u00e9v\u00e8le ce nouveau f\u00e9minisme, incarn\u00e9 en ce moment par l&rsquo;affaire Rousseau\/Bayou : celui d&rsquo;un r\u00e9giment de Mme Bovary tromp\u00e9es et d\u00e9laiss\u00e9es, d&rsquo;armadas de petites bourgeoises d\u00e9s\u0153uvr\u00e9es devant surmonter une \u00e9preuve affective et qui n&rsquo;ont comme ultime recours que de faire tomber publiquement leurs ex ind\u00e9licats, soit en les accusant de viol (ou de cette stupidit\u00e9 de \u00ab\u00a0violences sexuelles et sexistes\u00a0\u00bb) soit, quand il n&rsquo;y a v\u00e9ritablement aucun d\u00e9lit constitu\u00e9, de tenter \u00e0 tout prix de faire entrer dans le pr\u00e9toire le nouveau crime psychologique <a href=\"https:\/\/eromakia.fr\/index.php\/ideologie-de-la-domination-les-feministes-et-lemprise\/\">d&#8217;emprise amoureuse<\/a>.  <\/p>\n\n\n\n<p>Je dois rappeler ici que je ne minimise en rien la douleur ressentie lors d&rsquo;une s\u00e9paration. Pour l&rsquo;avoir v\u00e9cue moi-m\u00eame plus d&rsquo;une fois, c&rsquo;est la plus grande souffrance que j&rsquo;ai jamais travers\u00e9e \u2013 l&rsquo;accouchement sans p\u00e9ridurale \u00e9tait une partie de plaisir \u00e0 c\u00f4t\u00e9 (et m\u00eame de tr\u00e8s loin). Tous les jours, des gens, hommes comme femmes, meurent de leur s\u00e9paration \u2013 et probablement m\u00eame davantage d&rsquo;hommes, puisqu&rsquo;ils r\u00e9ussissent en g\u00e9n\u00e9ral mieux leur suicide. Cette souffrance est donc parfaitement r\u00e9elle, celle de Mme Bayou comme celle de Mr Quatennens au demeurant, et je compatis tr\u00e8s sinc\u00e8rement. Ceci \u00e9tant pos\u00e9, aucune souffrance sentimentale ne saurait justifier que l&rsquo;on frappe une femme ni que l&rsquo;on sorte de l&rsquo;\u00e9tat de droit. Il faut savoir raison garder et faire la part des choses, comme dit E. Badinter, m\u00eame si cela demande un v\u00e9ritable effort. <\/p>\n\n\n\n<p>Aucune souffrance morale ou affective ne justifie non plus que l&rsquo;on s&rsquo;\u00e9gare dans le f\u00e9minisme radical, que l&rsquo;on se mettre \u00e0 confondre l&rsquo;\u00e9chec de sa propre relation avec un quelconque \u00ab\u00a0patriarcat\u00a0\u00bb ou une \u00ab\u00a0domination de l&rsquo;homme blanc occidental\u00a0\u00bb, comme le fait impun\u00e9ment Sandrine Rousseau, du haut de sa b\u00eatise monumentale \u2013 et comme le font aussi beaucoup trop de f\u00e9ministes qui se font happer par cette id\u00e9ologie au moment d\u00e9licat d&rsquo;une rupture. <\/p>\n\n\n\n<p>La mouvance f\u00e9ministe agit exactement comme une secte, pratiquant le \u00ab\u00a0love bombing\u00a0\u00bb pour recruter ses adeptes, profitant cyniquement de la d\u00e9tresse amoureuse de jeunes femmes venant souvent de traverser leur premi\u00e8re grosse peine de c\u0153ur pour leur laver le cerveau et les enr\u00f4ler dans leur guerre pathologique contre la gent masculine. <\/p>\n\n\n\n<p>Une rupture amoureuse n&rsquo;est pas l&rsquo;\u0153uvre du \u00ab\u00a0patriarcat\u00a0\u00bb, pas plus que <strong> la \u00ab\u00a0souffrance psychologique\u00a0\u00bb lors d&rsquo;une s\u00e9paration n&rsquo;est une \u00ab\u00a0violence sexiste et sexuelle\u00a0\u00bb<\/strong> \u2013 car alors, il faudrait, par souci d&rsquo;\u00e9galit\u00e9, condamner lourdement toutes les femmes qui quittent un homme, comme le font d\u00e9j\u00e0  les tribunaux de la charia ! A moins que les f\u00e9ministes ne r\u00e9clament une charia qu&rsquo;\u00e0 leur seul service, avec lapidation des hommes infid\u00e8les ? Le r\u00e8gne des neurasth\u00e9niques, \u00e7a suffit ! Les Madame Bovary sans le talent de Flaubert, au placard !<\/p>\n\n\n\n<p>Je donne \u00e0 nouveau le dernier mot \u00e0 Emmanuel Todd, dont le concept d&rsquo;<a href=\"https:\/\/fr.wikipedia.org\/wiki\/Anomie\">anomie<\/a>, formalis\u00e9 au XIXe si\u00e8cle par \u00c9mile Durkheim, s&rsquo;applique \u00e0 la perfection aux n\u00e9o-f\u00e9ministes antagonistes d&rsquo;aujourd&rsquo;hui : telles des Emma Bovary en panique face \u00e0 leur destin, elles combattent un patriarcat imaginaire, croyant r\u00e9gler ainsi leur incapacit\u00e9 \u00e0 assumer leur autonomie et leurs d\u00e9boires amoureux. Car qui dit libert\u00e9 dit aussi responsabilit\u00e9 et courage :<\/p>\n\n\n\n<figure class=\"wp-block-embed is-type-video is-provider-vimeo wp-block-embed-vimeo wp-embed-aspect-16-9 wp-has-aspect-ratio\"><div class=\"wp-block-embed__wrapper\">\n<iframe loading=\"lazy\" title=\"Emmanuel Todd \u2013 Le f\u00e9minisme antagoniste expliqu\u00e9 par l&#039;anomie (C ce Soir, France 5, 23\/01\/2022)\" src=\"https:\/\/player.vimeo.com\/video\/699530315?dnt=1&amp;app_id=122963\" width=\"525\" height=\"295\" frameborder=\"0\" allow=\"autoplay; fullscreen; picture-in-picture; clipboard-write\"><\/iframe>\n<\/div><\/figure>\n\n\n\n<p> <\/p>\n\n\n\n<p>[\u00e0 suivre&#8230;]<\/p>\n\n\n\n<ul class=\"wp-block-list\"><li><strong>Voir aussi :<\/strong><\/li><\/ul>\n\n\n\n<p>Laetitia Strauch-Bonart, <a href=\"https:\/\/www.lexpress.fr\/actualite\/idees-et-debats\/sandrine-rousseau-et-l-affaire-bayou-non-les-femmes-ne-sont-pas-d-eternelles-mineures_2181050.html\">\u00ab\u00a0Sandrine Rousseau et l&rsquo;affaire Bayou : non, les femmes ne sont pas d&rsquo;\u00e9ternelles mineures\u00a0\u00bb<\/a> (<em>L&rsquo;Express<\/em>, 29\/09\/22) : \u00ab\u00a0Alors que cette affaire ne concerne pas des violences sexuelles, elle est pr\u00e9sent\u00e9e comme telle depuis le d\u00e9but. Une confusion qui entretient l&rsquo;id\u00e9e que les femmes seraient psychologiquement fragiles, ce qui les inf\u00e9riorise.\u00a0\u00bb<\/p>\n\n\n\n<figure class=\"wp-block-embed is-type-wp-embed is-provider-eromakia wp-block-embed-eromakia\"><div class=\"wp-block-embed__wrapper\">\n<blockquote class=\"wp-embedded-content\" data-secret=\"Ch7sI99QKo\"><a href=\"https:\/\/eromakia.fr\/index.php\/ideologie-de-la-domination-les-feministes-et-lemprise\/\">[Id\u00e9ologie de la domination] \u2013 La femme moderne et \u00ab\u00a0l&#8217;emprise\u00a0\u00bb<\/a><\/blockquote><iframe loading=\"lazy\" class=\"wp-embedded-content\" sandbox=\"allow-scripts\" security=\"restricted\" style=\"position: absolute; clip: rect(1px, 1px, 1px, 1px);\" title=\"\u00ab\u00a0[Id\u00e9ologie de la domination] \u2013 La femme moderne et \u00ab\u00a0l&#8217;emprise\u00a0\u00bb\u00a0\u00bb &#8212; Eromakia\" src=\"https:\/\/eromakia.fr\/index.php\/ideologie-de-la-domination-les-feministes-et-lemprise\/embed\/#?secret=WVKdYFgajk#?secret=Ch7sI99QKo\" data-secret=\"Ch7sI99QKo\" width=\"525\" height=\"296\" frameborder=\"0\" marginwidth=\"0\" marginheight=\"0\" scrolling=\"no\"><\/iframe>\n<\/div><\/figure>\n\n\n\n<p><a href=\"https:\/\/eromakia.fr\/index.php\/critique-du-neo-feminisme\/je-peux-temoigner-que-du-viol-on-sen-sort\/\">Je peux t\u00e9moigner que du viol, on s\u2019en sort<\/a><\/p>\n\n\n\n<figure class=\"wp-block-image size-large\"><img loading=\"lazy\" decoding=\"async\" width=\"623\" height=\"303\" src=\"https:\/\/eromakia.fr\/wp-content\/uploads\/2022\/09\/chrome_u5Egyj31wu.png\" alt=\"\" class=\"wp-image-22347\" srcset=\"https:\/\/eromakia.fr\/wp-content\/uploads\/2022\/09\/chrome_u5Egyj31wu.png 623w, https:\/\/eromakia.fr\/wp-content\/uploads\/2022\/09\/chrome_u5Egyj31wu-300x146.png 300w\" sizes=\"auto, (max-width: 623px) 100vw, 623px\" \/><\/figure>\n\n\n\n<figure class=\"wp-block-embed is-type-video is-provider-youtube wp-block-embed-youtube wp-embed-aspect-16-9 wp-has-aspect-ratio\"><div class=\"wp-block-embed__wrapper\">\n<iframe loading=\"lazy\" title=\"Alain Finkielkraut : &quot;Le n\u00e9o-f\u00e9minisme est une sorte de totalitarisme&quot;\" width=\"525\" height=\"295\" src=\"https:\/\/www.youtube.com\/embed\/VpuYMANNt1o?feature=oembed\" frameborder=\"0\" allow=\"accelerometer; autoplay; clipboard-write; encrypted-media; gyroscope; picture-in-picture; web-share\" referrerpolicy=\"strict-origin-when-cross-origin\" allowfullscreen><\/iframe>\n<\/div><figcaption>Alain Finkielkraut : \u00ab\u00a0Le n\u00e9o-f\u00e9minisme est une sorte de totalitarisme\u00a0\u00bb (Europe 1, 3\/10\/2022)<\/figcaption><\/figure>\n","protected":false},"excerpt":{"rendered":"<p>En d\u00e9fense d&rsquo;\u00c9lisabeth Badinter Je profite de la pol\u00e9mique autour des propos d&rsquo;\u00c9lisabeth Badinter sur France Inter le 28 septembre 2022 (\u00ab\u00a0\u00c9lisabeth Badinter : \u00ab\u00a0On livre des hommes \u00e0 la vindicte publique sans passer par la justice\u00a0\u00bb) pour revenir sur le fond de l&rsquo;affaire Rousseau-Bayou et sur ce qu&rsquo;elle r\u00e9v\u00e8le de l&rsquo;inexorable d\u00e9route du n\u00e9o-f\u00e9minisme. &hellip; <\/p>\n<p class=\"link-more\"><a href=\"https:\/\/eromakia.fr\/index.php\/2022\/09\/30\/feminisme-radical-et-peine-de-coeur-quand-madame-bovary-fait-de-la-politique\/\" class=\"more-link\">Continuer la lecture<span class=\"screen-reader-text\"> de &laquo;&nbsp;[\u00c9gof\u00e9minisme radical et peines de c\u0153ur] \u2013 Quand Madame Bovary fait de la politique&nbsp;&raquo;<\/span><\/a><\/p>\n","protected":false},"author":1,"featured_media":22354,"comment_status":"open","ping_status":"open","sticky":false,"template":"","format":"standard","meta":{"footnotes":""},"categories":[1],"tags":[],"class_list":["post-22241","post","type-post","status-publish","format-standard","has-post-thumbnail","hentry","category-non-classe"],"yoast_head":"<!-- This site is optimized with the Yoast SEO plugin v21.3 - https:\/\/yoast.com\/wordpress\/plugins\/seo\/ -->\n<title>[\u00c9gof\u00e9minisme radical et peines de c\u0153ur] \u2013 Quand Madame Bovary fait de la politique - Eromakia<\/title>\n<meta name=\"robots\" content=\"index, follow, max-snippet:-1, max-image-preview:large, max-video-preview:-1\" \/>\n<link rel=\"canonical\" href=\"https:\/\/eromakia.fr\/index.php\/2022\/09\/30\/feminisme-radical-et-peine-de-coeur-quand-madame-bovary-fait-de-la-politique\/\" \/>\n<meta property=\"og:locale\" content=\"fr_FR\" \/>\n<meta property=\"og:type\" content=\"article\" \/>\n<meta property=\"og:title\" content=\"[\u00c9gof\u00e9minisme radical et peines de c\u0153ur] \u2013 Quand Madame Bovary fait de la politique - Eromakia\" \/>\n<meta property=\"og:description\" content=\"En d\u00e9fense d&rsquo;\u00c9lisabeth Badinter Je profite de la pol\u00e9mique autour des propos d&rsquo;\u00c9lisabeth Badinter sur France Inter le 28 septembre 2022 (\u00ab\u00a0\u00c9lisabeth Badinter : \u00ab\u00a0On livre des hommes \u00e0 la vindicte publique sans passer par la justice\u00a0\u00bb) pour revenir sur le fond de l&rsquo;affaire Rousseau-Bayou et sur ce qu&rsquo;elle r\u00e9v\u00e8le de l&rsquo;inexorable d\u00e9route du n\u00e9o-f\u00e9minisme. &hellip; Continuer la lecture de &laquo;&nbsp;[\u00c9gof\u00e9minisme radical et peines de c\u0153ur] \u2013 Quand Madame Bovary fait de la politique&nbsp;&raquo;\" \/>\n<meta property=\"og:url\" content=\"https:\/\/eromakia.fr\/index.php\/2022\/09\/30\/feminisme-radical-et-peine-de-coeur-quand-madame-bovary-fait-de-la-politique\/\" \/>\n<meta property=\"og:site_name\" content=\"Eromakia\" \/>\n<meta property=\"article:published_time\" content=\"2022-09-30T13:28:40+00:00\" \/>\n<meta property=\"article:modified_time\" content=\"2023-01-13T03:18:09+00:00\" \/>\n<meta property=\"og:image\" content=\"https:\/\/eromakia.fr\/wp-content\/uploads\/2022\/09\/elisabeth_badinter_1_fb4d859ad1-1.jpg\" \/>\n\t<meta property=\"og:image:width\" content=\"800\" \/>\n\t<meta property=\"og:image:height\" content=\"533\" \/>\n\t<meta property=\"og:image:type\" content=\"image\/jpeg\" \/>\n<meta name=\"author\" content=\"Eromakia\" \/>\n<meta name=\"twitter:card\" content=\"summary_large_image\" \/>\n<meta name=\"twitter:label1\" content=\"\u00c9crit par\" \/>\n\t<meta name=\"twitter:data1\" content=\"Eromakia\" \/>\n\t<meta name=\"twitter:label2\" content=\"Dur\u00e9e de lecture estim\u00e9e\" \/>\n\t<meta name=\"twitter:data2\" content=\"17 minutes\" \/>\n<script type=\"application\/ld+json\" class=\"yoast-schema-graph\">{\"@context\":\"https:\/\/schema.org\",\"@graph\":[{\"@type\":\"WebPage\",\"@id\":\"https:\/\/eromakia.fr\/index.php\/2022\/09\/30\/feminisme-radical-et-peine-de-coeur-quand-madame-bovary-fait-de-la-politique\/\",\"url\":\"https:\/\/eromakia.fr\/index.php\/2022\/09\/30\/feminisme-radical-et-peine-de-coeur-quand-madame-bovary-fait-de-la-politique\/\",\"name\":\"[\u00c9gof\u00e9minisme radical et peines de c\u0153ur] \u2013 Quand Madame Bovary fait de la politique - Eromakia\",\"isPartOf\":{\"@id\":\"https:\/\/eromakia.fr\/#website\"},\"datePublished\":\"2022-09-30T13:28:40+00:00\",\"dateModified\":\"2023-01-13T03:18:09+00:00\",\"author\":{\"@id\":\"https:\/\/eromakia.fr\/#\/schema\/person\/8d79faa25100a008a48d2cf2fab98932\"},\"breadcrumb\":{\"@id\":\"https:\/\/eromakia.fr\/index.php\/2022\/09\/30\/feminisme-radical-et-peine-de-coeur-quand-madame-bovary-fait-de-la-politique\/#breadcrumb\"},\"inLanguage\":\"fr-FR\",\"potentialAction\":[{\"@type\":\"ReadAction\",\"target\":[\"https:\/\/eromakia.fr\/index.php\/2022\/09\/30\/feminisme-radical-et-peine-de-coeur-quand-madame-bovary-fait-de-la-politique\/\"]}]},{\"@type\":\"BreadcrumbList\",\"@id\":\"https:\/\/eromakia.fr\/index.php\/2022\/09\/30\/feminisme-radical-et-peine-de-coeur-quand-madame-bovary-fait-de-la-politique\/#breadcrumb\",\"itemListElement\":[{\"@type\":\"ListItem\",\"position\":1,\"name\":\"Accueil\",\"item\":\"https:\/\/eromakia.fr\/\"},{\"@type\":\"ListItem\",\"position\":2,\"name\":\"[\u00c9gof\u00e9minisme radical et peines de c\u0153ur] \u2013 Quand Madame Bovary fait de la politique\"}]},{\"@type\":\"WebSite\",\"@id\":\"https:\/\/eromakia.fr\/#website\",\"url\":\"https:\/\/eromakia.fr\/\",\"name\":\"Eromakia\",\"description\":\"Art, Love and Fight Chronicles\",\"potentialAction\":[{\"@type\":\"SearchAction\",\"target\":{\"@type\":\"EntryPoint\",\"urlTemplate\":\"https:\/\/eromakia.fr\/?s={search_term_string}\"},\"query-input\":\"required name=search_term_string\"}],\"inLanguage\":\"fr-FR\"},{\"@type\":\"Person\",\"@id\":\"https:\/\/eromakia.fr\/#\/schema\/person\/8d79faa25100a008a48d2cf2fab98932\",\"name\":\"Eromakia\",\"image\":{\"@type\":\"ImageObject\",\"inLanguage\":\"fr-FR\",\"@id\":\"https:\/\/eromakia.fr\/#\/schema\/person\/image\/\",\"url\":\"https:\/\/secure.gravatar.com\/avatar\/8266e905c06552885a82fe6cba24493ce804a3e255e4bc4becc87202a9ce14ae?s=96&d=mm&r=g\",\"contentUrl\":\"https:\/\/secure.gravatar.com\/avatar\/8266e905c06552885a82fe6cba24493ce804a3e255e4bc4becc87202a9ce14ae?s=96&d=mm&r=g\",\"caption\":\"Eromakia\"},\"url\":\"https:\/\/eromakia.fr\/index.php\/author\/eromakia\/\"}]}<\/script>\n<!-- \/ Yoast SEO plugin. -->","yoast_head_json":{"title":"[\u00c9gof\u00e9minisme radical et peines de c\u0153ur] \u2013 Quand Madame Bovary fait de la politique - Eromakia","robots":{"index":"index","follow":"follow","max-snippet":"max-snippet:-1","max-image-preview":"max-image-preview:large","max-video-preview":"max-video-preview:-1"},"canonical":"https:\/\/eromakia.fr\/index.php\/2022\/09\/30\/feminisme-radical-et-peine-de-coeur-quand-madame-bovary-fait-de-la-politique\/","og_locale":"fr_FR","og_type":"article","og_title":"[\u00c9gof\u00e9minisme radical et peines de c\u0153ur] \u2013 Quand Madame Bovary fait de la politique - Eromakia","og_description":"En d\u00e9fense d&rsquo;\u00c9lisabeth Badinter Je profite de la pol\u00e9mique autour des propos d&rsquo;\u00c9lisabeth Badinter sur France Inter le 28 septembre 2022 (\u00ab\u00a0\u00c9lisabeth Badinter : \u00ab\u00a0On livre des hommes \u00e0 la vindicte publique sans passer par la justice\u00a0\u00bb) pour revenir sur le fond de l&rsquo;affaire Rousseau-Bayou et sur ce qu&rsquo;elle r\u00e9v\u00e8le de l&rsquo;inexorable d\u00e9route du n\u00e9o-f\u00e9minisme. &hellip; Continuer la lecture de &laquo;&nbsp;[\u00c9gof\u00e9minisme radical et peines de c\u0153ur] \u2013 Quand Madame Bovary fait de la politique&nbsp;&raquo;","og_url":"https:\/\/eromakia.fr\/index.php\/2022\/09\/30\/feminisme-radical-et-peine-de-coeur-quand-madame-bovary-fait-de-la-politique\/","og_site_name":"Eromakia","article_published_time":"2022-09-30T13:28:40+00:00","article_modified_time":"2023-01-13T03:18:09+00:00","og_image":[{"width":800,"height":533,"url":"https:\/\/eromakia.fr\/wp-content\/uploads\/2022\/09\/elisabeth_badinter_1_fb4d859ad1-1.jpg","type":"image\/jpeg"}],"author":"Eromakia","twitter_card":"summary_large_image","twitter_misc":{"\u00c9crit par":"Eromakia","Dur\u00e9e de lecture estim\u00e9e":"17 minutes"},"schema":{"@context":"https:\/\/schema.org","@graph":[{"@type":"WebPage","@id":"https:\/\/eromakia.fr\/index.php\/2022\/09\/30\/feminisme-radical-et-peine-de-coeur-quand-madame-bovary-fait-de-la-politique\/","url":"https:\/\/eromakia.fr\/index.php\/2022\/09\/30\/feminisme-radical-et-peine-de-coeur-quand-madame-bovary-fait-de-la-politique\/","name":"[\u00c9gof\u00e9minisme radical et peines de c\u0153ur] \u2013 Quand Madame Bovary fait de la politique - Eromakia","isPartOf":{"@id":"https:\/\/eromakia.fr\/#website"},"datePublished":"2022-09-30T13:28:40+00:00","dateModified":"2023-01-13T03:18:09+00:00","author":{"@id":"https:\/\/eromakia.fr\/#\/schema\/person\/8d79faa25100a008a48d2cf2fab98932"},"breadcrumb":{"@id":"https:\/\/eromakia.fr\/index.php\/2022\/09\/30\/feminisme-radical-et-peine-de-coeur-quand-madame-bovary-fait-de-la-politique\/#breadcrumb"},"inLanguage":"fr-FR","potentialAction":[{"@type":"ReadAction","target":["https:\/\/eromakia.fr\/index.php\/2022\/09\/30\/feminisme-radical-et-peine-de-coeur-quand-madame-bovary-fait-de-la-politique\/"]}]},{"@type":"BreadcrumbList","@id":"https:\/\/eromakia.fr\/index.php\/2022\/09\/30\/feminisme-radical-et-peine-de-coeur-quand-madame-bovary-fait-de-la-politique\/#breadcrumb","itemListElement":[{"@type":"ListItem","position":1,"name":"Accueil","item":"https:\/\/eromakia.fr\/"},{"@type":"ListItem","position":2,"name":"[\u00c9gof\u00e9minisme radical et peines de c\u0153ur] \u2013 Quand Madame Bovary fait de la politique"}]},{"@type":"WebSite","@id":"https:\/\/eromakia.fr\/#website","url":"https:\/\/eromakia.fr\/","name":"Eromakia","description":"Art, Love and Fight Chronicles","potentialAction":[{"@type":"SearchAction","target":{"@type":"EntryPoint","urlTemplate":"https:\/\/eromakia.fr\/?s={search_term_string}"},"query-input":"required name=search_term_string"}],"inLanguage":"fr-FR"},{"@type":"Person","@id":"https:\/\/eromakia.fr\/#\/schema\/person\/8d79faa25100a008a48d2cf2fab98932","name":"Eromakia","image":{"@type":"ImageObject","inLanguage":"fr-FR","@id":"https:\/\/eromakia.fr\/#\/schema\/person\/image\/","url":"https:\/\/secure.gravatar.com\/avatar\/8266e905c06552885a82fe6cba24493ce804a3e255e4bc4becc87202a9ce14ae?s=96&d=mm&r=g","contentUrl":"https:\/\/secure.gravatar.com\/avatar\/8266e905c06552885a82fe6cba24493ce804a3e255e4bc4becc87202a9ce14ae?s=96&d=mm&r=g","caption":"Eromakia"},"url":"https:\/\/eromakia.fr\/index.php\/author\/eromakia\/"}]}},"_links":{"self":[{"href":"https:\/\/eromakia.fr\/index.php\/wp-json\/wp\/v2\/posts\/22241","targetHints":{"allow":["GET"]}}],"collection":[{"href":"https:\/\/eromakia.fr\/index.php\/wp-json\/wp\/v2\/posts"}],"about":[{"href":"https:\/\/eromakia.fr\/index.php\/wp-json\/wp\/v2\/types\/post"}],"author":[{"embeddable":true,"href":"https:\/\/eromakia.fr\/index.php\/wp-json\/wp\/v2\/users\/1"}],"replies":[{"embeddable":true,"href":"https:\/\/eromakia.fr\/index.php\/wp-json\/wp\/v2\/comments?post=22241"}],"version-history":[{"count":327,"href":"https:\/\/eromakia.fr\/index.php\/wp-json\/wp\/v2\/posts\/22241\/revisions"}],"predecessor-version":[{"id":22744,"href":"https:\/\/eromakia.fr\/index.php\/wp-json\/wp\/v2\/posts\/22241\/revisions\/22744"}],"wp:featuredmedia":[{"embeddable":true,"href":"https:\/\/eromakia.fr\/index.php\/wp-json\/wp\/v2\/media\/22354"}],"wp:attachment":[{"href":"https:\/\/eromakia.fr\/index.php\/wp-json\/wp\/v2\/media?parent=22241"}],"wp:term":[{"taxonomy":"category","embeddable":true,"href":"https:\/\/eromakia.fr\/index.php\/wp-json\/wp\/v2\/categories?post=22241"},{"taxonomy":"post_tag","embeddable":true,"href":"https:\/\/eromakia.fr\/index.php\/wp-json\/wp\/v2\/tags?post=22241"}],"curies":[{"name":"wp","href":"https:\/\/api.w.org\/{rel}","templated":true}]}}