{"id":2155,"date":"2019-01-16T12:32:20","date_gmt":"2019-01-16T11:32:20","guid":{"rendered":"http:\/\/eromakia.fr\/?p=2155"},"modified":"2020-12-14T17:00:45","modified_gmt":"2020-12-14T16:00:45","slug":"yann-moi-moi-moi-et-le-feminisme","status":"publish","type":"post","link":"https:\/\/eromakia.fr\/index.php\/2019\/01\/16\/yann-moi-moi-moi-et-le-feminisme\/","title":{"rendered":"Yann Moix-Moi-Moi et le f\u00e9minisme"},"content":{"rendered":"\n<p>M&rsquo;\u00e9tant fait traiter de n\u00e9o-f\u00e9ministe (et ce n&rsquo;\u00e9tait pas un compliment) parce que je me suis insurg\u00e9e avec vigueur contre la goujaterie de Yann Moix (<a href=\"https:\/\/www.francetvinfo.fr\/societe\/yann-moix-je-suis-incapable-d-aimer-une-femme-de-50-ans-je-trouve-ca-trop-vieux_3132307.html\">sa c\u00e9l\u00e8bre sortie sur les femmes de 50 ans<\/a>), je tenais \u00e0 faire un petit retour sur les rapports de cette affaire avec le f\u00e9minisme. D\u00e9noncer Yann Moix ne fait pas de moi une f\u00e9ministe et voici pourquoi.<\/p>\n\n\n\n<ul class=\"wp-block-list\"><li><em>R\u00e9fl\u00e9chir sur le vieillissement des femmes n&rsquo;a jamais fait&nbsp; partie des luttes f\u00e9ministes<\/em><\/li><\/ul>\n\n\n\n<p>En effet, la question du vieillissement de la femme n&rsquo;a jusqu&rsquo;\u00e0 pr\u00e9sent <strong>jamais \u00e9t\u00e9 une question f\u00e9ministe<\/strong>, ce que confirme la lecture&nbsp;de cet int\u00e9ressant article de 2010, \u00ab\u00a0<a href=\"https:\/\/journals.openedition.org\/gss\/2154\">L&rsquo;impens\u00e9 de la vieillesse : la sexualit\u00e9<\/a>\u00ab\u00a0, o\u00f9 l&rsquo;auteur se demande : \u00ab\u00a0Pourquoi la vieillesse n\u2019est-elle pas devenue un th\u00e8me de luttes f\u00e9ministes&nbsp;?\u00a0\u00bb. Afin de r\u00e9pondre \u00e0 cette question, elle annonce une \u00e9tude d&rsquo;envergure qu&rsquo;elle va conduire aupr\u00e8s des f\u00e9ministes :&nbsp; \u00ab\u00a0Cette recherche entend combler <em>les silences du f\u00e9minisme<\/em> concernant la vieillesse pro-sexe ou sans sexe, en cherchant les raisons d\u2019une&nbsp;<em>omerta&nbsp;<\/em>collective ou au contraire en mettant au jour des initiatives peu connues et des alternatives aux discriminations sexuelles dues \u00e0 l\u2019avanc\u00e9e en \u00e2ge.\u00a0\u00bb<\/p>\n\n\n\n<p>Il sera d&rsquo;ailleurs tr\u00e8s int\u00e9ressant de voir comment la victimisation va pouvoir \u00eatre proclam\u00e9e, sachant&nbsp;que plus on avance en \u00e2ge, plus les&nbsp;hommes partent les premiers.&nbsp; Les f\u00e9ministes vont-elles oser se plaindre d&rsquo;\u00eatre toujours en vie longtemps apr\u00e8s que tous les hommes de leur g\u00e9n\u00e9ration d\u00e9gustent les pissenlits par la racine ?&nbsp; Las, on peut leur faire confiance pour trouver de quoi accabler&nbsp;les hommes puisque, selon les \u00e9tudes de genre, la r\u00e8gle est invariable : <strong>les hommes sont toujours coupables de tout <\/strong>(y compris&nbsp;de mourir trop t\u00f4t \u2013 j&rsquo;ai vu passer des tweets en ce sens).<\/p>\n\n\n\n<figure class=\"wp-block-image alignnone\"><a href=\"https:\/\/eromakia.fr\/wp-content\/uploads\/2019\/01\/Women-Studies.jpg\"><img loading=\"lazy\" decoding=\"async\" width=\"400\" height=\"339\" src=\"https:\/\/eromakia.fr\/wp-content\/uploads\/2019\/01\/Women-Studies.jpg\" alt=\"\" class=\"wp-image-2156\" srcset=\"https:\/\/eromakia.fr\/wp-content\/uploads\/2019\/01\/Women-Studies.jpg 400w, https:\/\/eromakia.fr\/wp-content\/uploads\/2019\/01\/Women-Studies-300x254.jpg 300w\" sizes=\"auto, (max-width: 400px) 100vw, 400px\" \/><\/a><figcaption>Etudes de genre : \u00ab\u00a0C&rsquo;est trop bien ! Si tu utilises ton imagination, tu peux accuser les hommes de TOUT !\u00a0\u00bb<\/figcaption><\/figure>\n\n\n\n<p>Pour ma part, je n&rsquo;essentialise pas. Je ne d\u00e9nonce pas \u00ab\u00a0les\u00a0\u00bb femmes en g\u00e9n\u00e9ral, mais <em>certaines<\/em> d&rsquo;entre elles, les f\u00e9ministes id\u00e9ologues et misandres et toutes celles qui apportent leur pierre \u00e0 la mauvaise guerre des sexes. Je ne critique pas ces femmes pour leur<em> genre<\/em>, dont elles ne sont pas responsables (et que je partage de toutes fa\u00e7ons), mais pour leurs <em>id\u00e9es<\/em>, qu&rsquo;elles ont tout le loisir de reconsid\u00e9rer si elles le souhaitent.&nbsp;Je ne me sens pas non plus solidaire de la \u00ab\u00a0classe\u00a0\u00bb des femmes (une approche 100% gauchisto-sexiste \u2013&nbsp;le f\u00e9minisme \u00e9tant par d\u00e9finition un sexisme), je suis solidaire de tout \u00eatre souffrant, qu&rsquo;il soit homme, femme, enfant ou animal.<\/p>\n\n\n\n<p>Toute femme n&rsquo;ayant pas \u00e0 \u00eatre f\u00e9ministe \u2013&nbsp; l&rsquo;un n&rsquo;impliquant pas l&rsquo;autre, puisque \u00ab\u00a0femme\u00a0\u00bb signifie un genre biologique et social et \u00ab\u00a0f\u00e9ministe\u00a0\u00bb une id\u00e9ologie g\u00e9n\u00e9ralement tr\u00e8s marqu\u00e9e \u00e0 gauche et de plus en plus inepte sur le plan intellectuel \u2013 ; je ne vois donc pas pourquoi r\u00e9fl\u00e9chir sur la question du vieillissement d&rsquo;un sexe biologique ferait automatiquement&nbsp;de vous une id\u00e9ologue f\u00e9ministe.<\/p>\n\n\n\n<figure class=\"wp-block-image\"><a href=\"https:\/\/eromakia.fr\/wp-content\/uploads\/2019\/02\/53352456_2505528159522514_5866935849005875200_n.jpg\"><img loading=\"lazy\" decoding=\"async\" width=\"960\" height=\"627\" src=\"https:\/\/eromakia.fr\/wp-content\/uploads\/2019\/02\/53352456_2505528159522514_5866935849005875200_n.jpg\" alt=\"\" class=\"wp-image-3081\" srcset=\"https:\/\/eromakia.fr\/wp-content\/uploads\/2019\/02\/53352456_2505528159522514_5866935849005875200_n.jpg 960w, https:\/\/eromakia.fr\/wp-content\/uploads\/2019\/02\/53352456_2505528159522514_5866935849005875200_n-300x196.jpg 300w, https:\/\/eromakia.fr\/wp-content\/uploads\/2019\/02\/53352456_2505528159522514_5866935849005875200_n-768x502.jpg 768w\" sizes=\"auto, (max-width: 767px) 89vw, (max-width: 1000px) 54vw, (max-width: 1071px) 543px, 580px\" \/><\/a><\/figure>\n\n\n\n<p>De m\u00eame, je ne d\u00e9fends pas \u00ab\u00a0les\u00a0\u00bb hommes en tant que groupe indistinct, je me contente de pointer \u00e0 l&rsquo;occasion, comme les masculinistes mod\u00e9r\u00e9s (par ex. sur le site <a href=\"https:\/\/neo-masculin.com\/\">neo-masculin.com<\/a>), les injustices et les mensonges que leur fait subir de plus en plus souvent le f\u00e9minisme dominant.&nbsp; Et donc, au sein des hommes, il y en a qui ont des comportements et des prises de position tout aussi critiquables que les pires f\u00e9ministes va-t-en-guerre \u2013 et c&rsquo;est le cas de Yann Moix.<\/p>\n\n\n\n<p>D\u00e9noncer ce dernier n&rsquo;est pas du f\u00e9minisme, car&nbsp; :<\/p>\n\n\n\n<ul class=\"wp-block-list\"><li><a href=\"https:\/\/www.closermag.fr\/people\/yann-moix-au-magazine-elle-je-me-sens-profondement-feministe-922525?fbclid=IwAR17wcNonYNsaRve04jep2C01_6_B-HWWCDW0QTj1Lr5jYu3nbPr8dcTjVo\"><em> Yann Moix est f\u00e9ministe<\/em><\/a><\/li><\/ul>\n\n\n\n<p>Comme j&rsquo;en avais l&rsquo;intuition d\u00e8s le d\u00e9part, <a href=\"https:\/\/www.youtube.com\/watch?time_continue=329&amp;v=Iy3-1YrCqyY\"><strong>Moix s&rsquo;affirme lui-m\u00eame f\u00e9ministe<\/strong> <strong>!<\/strong><\/a> En tant que h\u00e9raut m\u00e9diatique de la bien-pensance de gauche, il ne pouvait \u00e9videmment pas en \u00eatre autrement&#8230; Et il en incarne justement les pires travers \u2013 immaturit\u00e9 affective,&nbsp; complaisance dans sa n\u00e9vrose, narcissisme infantile et m\u00e9pris de l&rsquo;autre sexe port\u00e9 en \u00e9tendard.<\/p>\n\n\n\n<p><em>Extrait vid\u00e9o \u2013&nbsp; Yann Moix&nbsp;justifie&nbsp;sa goujaterie en d\u00e9clarant : <strong>\u00ab\u00a0Je suis quelqu&rsquo;un d&rsquo;extr\u00eamement f\u00e9ministe\u00a0\u00bb<\/strong> (ONPC, 12\/01\/2019) :<\/em><\/p>\n\n\n\n<p><video id=\"player_a\" class=\"projekktor\" title=\"this is projekktor\" poster=\"https:\/\/eromakia.fr\/wp-content\/uploads\/2019\/01\/wmplayer_2019-01-15_20-04-50.png\" controls=\"controls\" width=\"640\" height=\"360\"><source src=\"https:\/\/eromakia.fr\/test_videos\/Moix_f\u00e9minisme.mp4\" type=\"video\/mp4\"><\/video><\/p>\n\n\n\n<p>Quand il se dit f\u00e9ministe sur le plateau d&rsquo;ONPC,&nbsp;Moix d\u00e9bite quelques lieux communs sur la lib\u00e9ration de la femme des ann\u00e9es 70 ; quelques vieilles lunes qui montrent qu&rsquo;il ne conna\u00eet pas grand chose aux derni\u00e8res \u00e9volutions du f\u00e9minisme mais qui lui sont tr\u00e8s utiles pour justifier&nbsp;dans la foul\u00e9e son ego pathologique : \u00ab\u00a0Moi, moi, moi, moi, moi&#8230;\u00a0\u00bb. Si je lui reproche de trop bien l&rsquo;incarner, je&nbsp;dois lui reconna\u00eetre&nbsp;d&rsquo;avoir plut\u00f4t bien <strong>r\u00e9sum\u00e9 le f\u00e9minisme, justification ultime de&nbsp;toute forme de&nbsp;narcissisme d\u00e9complex\u00e9<\/strong>. M\u00eame Christine Angot n&rsquo;a pas&nbsp;trouv\u00e9 quoi lui r\u00e9pondre.<\/p>\n\n\n\n<p>Les f\u00e9ministes feront&nbsp;probablement la fine bouche et objecteront que son f\u00e9minisme est en carton ; tant il est vrai que Moix peut tenir les discours les plus contradictoires (pour autant que le buzz le serve)&nbsp;\u2013puisqu&rsquo;il n&rsquo;a aucune conviction profonde. Excellant surtout \u00e0 humer l&rsquo;air du temps, il calcule ensuite savamment&nbsp;sa posture la plus provocatrice et\/ou la plus bankable.<\/p>\n\n\n\n<p>Les f\u00e9ministes s&rsquo;en&nbsp;prennent r\u00e9guli\u00e8rement \u00e0 lui, ce qui d&rsquo;ordinaire ne manque&nbsp;sans doute pas de le flatter. Elles le font d&rsquo;ailleurs&nbsp;de mani\u00e8re assez stupide, comme dans <a href=\"http:\/\/leplus.nouvelobs.com\/contribution\/1497151-onpc-yann-moix-vs-melanie-thierry-sexisme-rejet-du-feminisme-un-spectacle-douloureux.html\">cet article<\/a> o\u00f9 l&rsquo;une d&rsquo;elles reproche \u00e0 M\u00e9lanie Thierry de ne pas se revendiquer f\u00e9ministe face aux questions orient\u00e9es de Moix. Sur ce coup-l\u00e0, je donne raison sur toute la ligne \u00e0 M\u00e9lanie Thierry qui s&rsquo;est parfaitement d\u00e9fendue toute seule, et je ne trouve pas non plus que les questions de Moix \u00e9taient inint\u00e9ressantes. Ses interrogations sur le d\u00e9sir amoureux ou sur la tentation de l&rsquo;infid\u00e9lit\u00e9 sont des questions l\u00e9gitimes et d\u00e9fendables&nbsp;; je ne vois pas pourquoi elles seraient taboues ou marqu\u00e9es du sceau de l&rsquo;infamie sexiste.&nbsp; M\u00e9lanie a eu la libert\u00e9 de ne pas y r\u00e9pondre, c&rsquo;est tr\u00e8s bien aussi. Rien \u00e0 redire, donc.<\/p>\n\n\n\n<ul class=\"wp-block-list\"><li><em>Moix est le valet du f\u00e9minisme, puisqu&rsquo;il en est&nbsp;le&nbsp;meilleur rabatteur<\/em><\/li><\/ul>\n\n\n\n<p>F\u00e9ministe ou anti-f\u00e9ministe au gr\u00e9 de ses postures ou de ses besoins \u2013 voire les deux en m\u00eame temps \u2013, Moix vient en tout cas de remettre une \u00e9norme pi\u00e8ce dans la machine f\u00e9ministe. Il vient m\u00eame de tirer une grosse cartouche dans le fondement des mascus qui le soutiennent. Car qu&rsquo;est-ce qui va se passer maintenant ?<\/p>\n\n\n\n<p>Le f\u00e9minisme est revigor\u00e9 au-del\u00e0 de toute esp\u00e9rance. Quelle femme de plus 40 ans, directement insult\u00e9e dans sa chair et rappel\u00e9e au m\u00e9pris g\u00e9n\u00e9ral envers la femme vieillissante \u2013 y compris de la part des autres femmes, d&rsquo;ailleurs, car comp\u00e9tition sexuelle exige, les femmes plus jeunes ou plus sexy fr\u00e9tillent d&rsquo;avoir le bon \u00e2ge et de pouvoir renvoyer la concurrence dans les cordes (la \u00ab\u00a0sororit\u00e9 f\u00e9ministe universelle\u00a0\u00bb d\u00e9montrant une fois de plus qu&rsquo;elle n&rsquo;est qu&rsquo;un concept vide) \u2013, quelle femme de plus de 35 ans, donc, ne va pas&nbsp;se tourner vers les f\u00e9ministes pour y trouver r\u00e9ponses et soutien&nbsp;?<\/p>\n\n\n\n<p>Moix aurait-il oubli\u00e9 qu&rsquo;il incarnait l&rsquo;homme blanc de 50 ans, riche et occidental, c&rsquo;est-\u00e0-dire l&rsquo;ennemi jur\u00e9 des f\u00e9ministes ? Celles-ci ne manqueront pas de&nbsp;redoubler de coups sur ce profil masculin et comme on peut s&rsquo;y attendre, cette surench\u00e8re haineuse n&rsquo;aura comme effet que d&rsquo;alimenter&nbsp;un peu plus la guerre des sexes et la fureur des deux camps l&rsquo;un envers l&rsquo;autre.<\/p>\n\n\n\n<p>Pour autant, j&rsquo;insiste, la question du vieillissement (des hommes comme des femmes) ne doit pas \u00eatre laiss\u00e9e aux seules f\u00e9ministes. On est ici au croisement de la biologie et de la culture, et pas n\u00e9cessairement dans l&rsquo;id\u00e9ologie victimaire de gauche. La question est bien plus vaste que cette approche par le petit bout de la lorgnette.<\/p>\n\n\n\n<ul class=\"wp-block-list\"><li><a href=\"https:\/\/www.francetvinfo.fr\/replay-radio\/vous-le-partagerez-aujourd-hui\/vous-en-parlerez-aujourd-hui-marlene-schiappa-defend-yann-moix-et-se-prend-les-pieds-dans-le-feminisme_3199659.html?utm_medium=Social&amp;utm_source=Facebook&amp;Echobox=1551954385&amp;fbclid=IwAR0PDZ0R9Hhi3tWJr_lShSgTCnPN-Vu6FNF2ADJpVNtyKcrtkiXYSSN3AGI#xtor=CS1-746\"><em>Yann Moix est directement soutenu par Marl\u00e8ne Schiappa, la f\u00e9ministe en chef.<\/em><\/a><\/li><\/ul>\n\n\n\n<p>Je suis bien la seule \u00e0 ne pas \u00eatre surprise de voir M. Schiappa mouiller sa chemise pour d\u00e9fendre son laquais : entre f\u00e9ministes crasses, on se comprend forc\u00e9ment&#8230; Marl\u00e8ne Schiappa incarne ici la misogynie f\u00e9ministe \u00e0 courte vue (je reviendrai dans un prochain article sur la misogynie f\u00e9ministe).<\/p>\n\n\n\n<ul class=\"wp-block-list\"><li><em>Moix est misogyne et ce n&rsquo;est pas f\u00e9ministe que de le dire<\/em><\/li><\/ul>\n\n\n\n<p>En ce qui me concerne,<strong> je&nbsp;suis anti-f\u00e9ministe mais pas misogyne<\/strong> ; ce sont des choses s\u00e9par\u00e9es, comme je l&rsquo;explique dans cet article : <a href=\"https:\/\/eromakia.fr\/index.php\/2020\/06\/28\/amalgames-faciles-lantifeminisme-nest-pas-la-misogynie\/\">\u00ab\u00a0[Amalgames faciles] \u2013 L&rsquo;anti-f\u00e9minisme n&rsquo;est PAS la misogynie\u00a0\u00bb<\/a>. Et je consid\u00e8re que la derni\u00e8re posture de Moix est bien de la misogynie.<\/p>\n\n\n\n<p>On m&rsquo;a r\u00e9torqu\u00e9 que la misogynie \u00e9tait la haine des femmes et que Moix n&rsquo;avait fait qu&rsquo;exprimer ses go\u00fbts.&nbsp; Une analyse plus fine de sa personnalit\u00e9 fait pourtant bien ressortir non seulement sa peur, mais aussi sa haine des femmes. Quand on&nbsp;d\u00e9clare ne pouvoir \u00ab\u00a0aimer\u00a0\u00bb des femmes que si elles sont r\u00e9duites \u00e0 leurs corps, leur \u00e2ge ou leur race (qu&rsquo;il confond d&rsquo;ailleurs avec leur nationalit\u00e9 : \u00ab\u00a0les chinoises\u00a0\u00bb, \u00ab\u00a0les japonaises\u00a0\u00bb, etc.), on n&rsquo;aime pas ces femmes : on a seulement besoin d&rsquo;une fixation \u00e9rotique, d&rsquo;une obj\u00e9tisation et d&rsquo;une mise \u00e0 distance pour pouvoir surmonter son d\u00e9go\u00fbt absolu affich\u00e9 pour toute femme ne&nbsp;rentrant pas dans ses crit\u00e8res. Ce genre d&rsquo;homme qui crache sur le corps f\u00e9minin est rarement un grand amoureux de ce corps, m\u00eame jeune (car il ne sert qu&rsquo;\u00e0 lui faire oublier sa peur et son d\u00e9go\u00fbt), et encore moins de la femme qui se trouve derri\u00e8re.<\/p>\n\n\n\n<p><em>Les&nbsp;mauvaises justifications de l&rsquo;evopsy<\/em><\/p>\n\n\n\n<p>Moix m&rsquo;a vite fait penser \u00e0 certains discours masculinistes radicaux qui, trop contents de d\u00e9couvrir l&rsquo;\u00e9vopsy, y trouvent&nbsp;mati\u00e8re \u00e0 justifier leurs comportements les plus primaires, \u00e0 savoir : \u00ab\u00a0L&rsquo;\u00e9vopsy dit que le singe en nous bande seulement sur la femelle jeune et fertile ; \u00e7a veut dire qu&rsquo;on peut se comporter comme de gros babouins en soci\u00e9t\u00e9 \u2013 comme Moix, quoi\u00a0\u00bb. Et de justifier l&rsquo;injustifiable : non pas la pr\u00e9f\u00e9rence (en r\u00e9alit\u00e9 tr\u00e8s r\u00e9gressive) de Moix pour les corps jeunes, mais <strong>l&rsquo;affichage vulgaire et haineux de cette pr\u00e9f\u00e9rence<\/strong>. Et donc d&rsquo;encourager la guerre (sale) des sexes.<\/p>\n\n\n\n<p><a href=\"http:\/\/www.lefigaro.fr\/vox\/societe\/2019\/01\/14\/31003-20190114ARTFIG00320-claude-habib-la-tolerance-doit-elle-nous-interdire-de-proteger-nos-moeurs.php?fbclid=IwAR2XTC6j48Qet29z0QrrrzDj70xlfylrhyJjYfkKo7WXMSar4Z9qNihUtjY\">Comme l&rsquo;\u00e9crit Claude Habib<\/a>, il existe en France \u00ab\u00a0<em>une tradition d&rsquo;entente joueuse entre les sexes<\/em>, qui se renouvelle de g\u00e9n\u00e9ration en g\u00e9n\u00e9ration, et qui est une particularit\u00e9 nationale, m\u00eame si elle ne se conna\u00eet pas comme telle. Cette variante est rare &#8211; en tout cas elle est moins commune que la guerre des sexes, telle que la pr\u00f4ne le f\u00e9minisme mondialis\u00e9\u00a0\u00bb. Moix et ses alli\u00e9es f\u00e9ministes ach\u00e8vent de la mettre \u00e0 bas.<\/p>\n\n\n\n<p>Certes, notre comportement social est aussi pilot\u00e9 par nos g\u00e8nes \u2013 tout n&rsquo;est pas culturel \u2013, mais le tout g\u00e9n\u00e9tique est une autre forme d&rsquo;exc\u00e8s. Des \u00e9tudes montrent que les choses changent parfois vite sous l&rsquo;influence culturelle et que dans les civilisations avanc\u00e9es et pacifiques, les appariements hommes-femmes sont moins soumis aux vieux r\u00e9flexes g\u00e9n\u00e9tiques qu&rsquo;autrefois. On constate que dans les soci\u00e9t\u00e9s modernes, les pr\u00e9f\u00e9rences sexuelles des hommes sont moins r\u00e9gressives et davantage ouvertes en direction des femmes de leur \u00e2ge.<\/p>\n\n\n\n<p>M\u00eame s&rsquo;il est vrai que les hommes bandent plus facilement pour certaines femmes (dont les jeunes), contrairement \u00e0 Moix, <strong>ils ne les choisissent pas pour les aimer, vivre avec ou les \u00e9pouser<\/strong> :&nbsp;\u00ab\u00a0Ces chiffres montrent que les pr\u00e9f\u00e9rences (affich\u00e9es plus ou moins publiquement) et&nbsp;<a href=\"https:\/\/twitter.com\/tcatf_\/status\/1082254371914698753\">les attitudes sur un site de rencontre<\/a>&nbsp;se diff\u00e9rencient de la sexualit\u00e9 et de la conjugalit\u00e9 effectives. <a href=\"http:\/\/www.slate.fr\/story\/172116\/yann-moix-desir-hommes-femmes-jeunes-age-social\">Les femmes avec qui les hommes se mettent en couple ou ont des relations affectives et\/ou sexuelles ne sont pas forc\u00e9ment celles qu\u2019ils trouvent les plus attirantes<\/a>.\u00a0\u00bb<\/p>\n\n\n\n<p>L&rsquo;argument selon lequel Moix pr\u00e9f\u00e8re se mettre en couple avec des corps de 25 ans \u00ab\u00a0parce que plus fertiles\u00a0\u00bb tombe de lui-m\u00eame : il ne correspond pas au comportement moyen des hommes.<\/p>\n\n\n\n<p>Car il faut bien garder en t\u00eate que Moix n&rsquo;est pas l&rsquo;homme de la rue. Moix est un riche bobo m\u00e9diatique qui peut se payer les corps qu&rsquo;il veut et donc se complaire <em>ad vitam<\/em> dans son immaturit\u00e9 affective : il pourra&nbsp;toujours s&rsquo;acheter des jeunes chinoises, non pas parce que c&rsquo;est son \u00ab\u00a0go\u00fbt\u00a0\u00bb, mais d&rsquo;abord parce que c&rsquo;est dans ses moyens financiers. Sinon, il d\u00e9sirerait et baiserait des femmes de son \u00e2ge, comme tout le monde.<\/p>\n\n\n\n<p>Femmes de son \u00e2ge qu&rsquo;il n&rsquo;est pas le dernier \u00e0 d\u00e9sirer d&rsquo;ailleurs,\u00a0puisqu&rsquo;on l&rsquo;a vu fr\u00e9tiller au point d&rsquo;en perdre ses moyens devant <a href=\"http:\/\/tvmag.lefigaro.fr\/programme-tv\/yann-moix-sous-le-charme-de-carla-bruni-dans-on-n-est-pas-couche-vous-etes-le-diable-_3815f6ea-cde7-11e7-8ec4-fc070299eb66\/?fbclid=IwAR0Hv04VrnhLfVm1MF5SLKuvgmPSrgkbz92LKFaUUJA_Jq3qUmQ8wv3ElnE\">Carla Bruni<\/a> ou <a href=\"http:\/\/www.non-stop-zapping.com\/actu\/tv\/onpc-yann-moix-sous-le-charme-destelle-lefebure-il-perd-ses-moyens-sur-le-plateau-video\">Estelle Lef\u00e9bure<\/a>, qui ont toutes deux plus de 50 ans.\u00a0<strong>Sa d\u00e9claration sur les femmes de 50 ans n&rsquo;est \u00e9videmment qu&rsquo;un grossier mensonge<\/strong>. La v\u00e9rit\u00e9, c&rsquo;est qu&rsquo;il est pr\u00eat\u00a0\u00e0 sauter sur qui veut bien de lui, mais comme il est en promo pour son dernier livre, il lui fallait un petit scandale bien senti. Comme il le rappelle lui-m\u00eame dans ONPC pour se d\u00e9fendre, il s&rsquo;agit d&rsquo;un discours d\u00e9j\u00e0 servi ailleurs et donc parfaitement assum\u00e9.\u00a0 Il a de plus relu et valid\u00e9 avant publication son interview dans <em>Marie-Claire<\/em>. Il savait tr\u00e8s bien ce qu&rsquo;il disait et l&rsquo;impact que cela aurait : il a cherch\u00e9 \u00e0 blesser uniquement pour faire le buzz.<\/p>\n\n\n\n<p>\u00ab\u00a0Sa\u00a0\u00bb v\u00e9rit\u00e9, qui n&rsquo;est que mensonge et manipulation, lui sert en r\u00e9alit\u00e9 \u00e0 cracher \u00e0 la fois sur les femmes de son \u00e2ge (pour se venger de toutes celles qui l&rsquo;ont quitt\u00e9), mais aussi sur les hommes de son \u00e2ge (tous ceux qui ne peuvent pas se payer des jeunes chinoises toute l&rsquo;ann\u00e9e et \u00e0 qui il envoie le message qu&rsquo;il&nbsp;ne doit pas \u00eatre confondu&nbsp;avec eux).<\/p>\n\n\n\n<p>En conclusion, les pr\u00e9tendus <em>go\u00fbts<\/em> de Moix ne sont rien d&rsquo;autre que l&rsquo;\u00e9talage de ses mensonges, de sa veulerie et de sa capacit\u00e9 \u00e0 faire le buzz pour assurer son existence m\u00e9diatique. Son inclination pour les asiatiques de 25 ans lui est moins dict\u00e9e par ses go\u00fbts ou ses g\u00e8nes (qui ont bon dos) que par son porte-monnaie et sa consommation immod\u00e9r\u00e9e d&rsquo;imagerie pornographique. Pr\u00e9tendre que cet homme dit des \u00ab\u00a0v\u00e9rit\u00e9s\u00a0\u00bb&nbsp;ou&nbsp;qu&rsquo;il repr\u00e9sente les autres hommes, c&rsquo;est&nbsp;se montrer bien na\u00eff. Tout comme prendre au premier degr\u00e9 son dernier num\u00e9ro de Calim\u00e9ro narcissico-m\u00e9diatique pour encore se faire plaindre apr\u00e8s avoir agress\u00e9 tout le monde. Qu&rsquo;il assume au moins de&nbsp;r\u00e9colter ce qu&rsquo;il a sem\u00e9 !<\/p>\n\n\n\n<figure class=\"wp-block-image\"><img loading=\"lazy\" decoding=\"async\" width=\"300\" height=\"168\" src=\"https:\/\/eromakia.fr\/wp-content\/uploads\/2019\/01\/wmplayer_2019-01-15_20-04-50-300x168.png\" alt=\"\" class=\"wp-image-2174\" srcset=\"https:\/\/eromakia.fr\/wp-content\/uploads\/2019\/01\/wmplayer_2019-01-15_20-04-50-300x168.png 300w, https:\/\/eromakia.fr\/wp-content\/uploads\/2019\/01\/wmplayer_2019-01-15_20-04-50-768x431.png 768w, https:\/\/eromakia.fr\/wp-content\/uploads\/2019\/01\/wmplayer_2019-01-15_20-04-50-1024x575.png 1024w, https:\/\/eromakia.fr\/wp-content\/uploads\/2019\/01\/wmplayer_2019-01-15_20-04-50.png 1279w\" sizes=\"auto, (max-width: 300px) 100vw, 300px\" \/><\/figure>\n\n\n\n<ul class=\"wp-block-list\"><li><strong>Voir aussi :<\/strong><\/li><\/ul>\n\n\n\n<figure class=\"wp-block-embed-wordpress wp-block-embed is-type-wp-embed is-provider-eromakia\"><div class=\"wp-block-embed__wrapper\">\n<blockquote class=\"wp-embedded-content\" data-secret=\"wd7zoZdI3t\"><a href=\"https:\/\/eromakia.fr\/index.php\/2019\/06\/18\/feministes-et-pervers-narcissiques-les-liaisons-dangereuses\/\">F\u00e9ministes et pervers narcissiques, les liaisons dangereuses<\/a><\/blockquote><iframe loading=\"lazy\" class=\"wp-embedded-content\" sandbox=\"allow-scripts\" security=\"restricted\" style=\"position: absolute; clip: rect(1px, 1px, 1px, 1px);\" title=\"\u00ab\u00a0F\u00e9ministes et pervers narcissiques, les liaisons dangereuses\u00a0\u00bb &#8212; Eromakia\" src=\"https:\/\/eromakia.fr\/index.php\/2019\/06\/18\/feministes-et-pervers-narcissiques-les-liaisons-dangereuses\/embed\/#?secret=B5VG3ChklD#?secret=wd7zoZdI3t\" data-secret=\"wd7zoZdI3t\" width=\"525\" height=\"296\" frameborder=\"0\" marginwidth=\"0\" marginheight=\"0\" scrolling=\"no\"><\/iframe>\n<\/div><\/figure>\n\n\n\n<p><em><strong>. Addendum :&nbsp;<\/strong><\/em><em>Moix, Moix et Moix<\/em><\/p>\n\n\n\n<p>En attendant le d\u00e9nouement de la guerre fratricide&nbsp;entre&nbsp;Ca\u00efn et Abel (et leur p\u00e8re Jos\u00e9),&nbsp;et pour mettre provisoirement tout le monde d&rsquo;accord :<\/p>\n\n\n\n<figure class=\"wp-block-embed-youtube wp-block-embed is-type-video is-provider-youtube wp-embed-aspect-4-3 wp-has-aspect-ratio\"><div class=\"wp-block-embed__wrapper\">\n<iframe loading=\"lazy\" title=\"Adam Raised a Cain\" width=\"525\" height=\"394\" src=\"https:\/\/www.youtube.com\/embed\/PRRd78fqmIg?feature=oembed\" frameborder=\"0\" allow=\"accelerometer; autoplay; clipboard-write; encrypted-media; gyroscope; picture-in-picture; web-share\" referrerpolicy=\"strict-origin-when-cross-origin\" allowfullscreen><\/iframe>\n<\/div><\/figure>\n\n\n\n<p>\u00ab\u00a0In the Bible Cain slew Abel and East of Eden he was cast<br>You&rsquo;re born into this life paying for the sins of somebody else&rsquo;s past<br>Daddy worked his whole life for nothing but the pain<br>Now he walks these empty rooms looking for something to blame<br>You inherit the sins, you inherit the flames&nbsp;<span class=\"text_exposed_show\"><br>Adam raised a Cain \u00ab\u00a0<\/span><\/p>\n","protected":false},"excerpt":{"rendered":"<p>M&rsquo;\u00e9tant fait traiter de n\u00e9o-f\u00e9ministe (et ce n&rsquo;\u00e9tait pas un compliment) parce que je me suis insurg\u00e9e avec vigueur contre la goujaterie de Yann Moix (sa c\u00e9l\u00e8bre sortie sur les femmes de 50 ans), je tenais \u00e0 faire un petit retour sur les rapports de cette affaire avec le f\u00e9minisme. D\u00e9noncer Yann Moix ne fait &hellip; <\/p>\n<p class=\"link-more\"><a href=\"https:\/\/eromakia.fr\/index.php\/2019\/01\/16\/yann-moi-moi-moi-et-le-feminisme\/\" class=\"more-link\">Continuer la lecture<span class=\"screen-reader-text\"> de &laquo;&nbsp;Yann Moix-Moi-Moi et le f\u00e9minisme&nbsp;&raquo;<\/span><\/a><\/p>\n","protected":false},"author":1,"featured_media":0,"comment_status":"open","ping_status":"open","sticky":false,"template":"","format":"standard","meta":{"footnotes":""},"categories":[1],"tags":[],"class_list":["post-2155","post","type-post","status-publish","format-standard","hentry","category-non-classe"],"yoast_head":"<!-- This site is optimized with the Yoast SEO plugin v21.3 - https:\/\/yoast.com\/wordpress\/plugins\/seo\/ -->\n<title>Yann Moix-Moi-Moi et le f\u00e9minisme - Eromakia<\/title>\n<meta name=\"robots\" content=\"index, follow, max-snippet:-1, max-image-preview:large, max-video-preview:-1\" \/>\n<link rel=\"canonical\" href=\"https:\/\/eromakia.fr\/index.php\/2019\/01\/16\/yann-moi-moi-moi-et-le-feminisme\/\" \/>\n<meta property=\"og:locale\" content=\"fr_FR\" \/>\n<meta property=\"og:type\" content=\"article\" \/>\n<meta property=\"og:title\" content=\"Yann Moix-Moi-Moi et le f\u00e9minisme - Eromakia\" \/>\n<meta property=\"og:description\" content=\"M&rsquo;\u00e9tant fait traiter de n\u00e9o-f\u00e9ministe (et ce n&rsquo;\u00e9tait pas un compliment) parce que je me suis insurg\u00e9e avec vigueur contre la goujaterie de Yann Moix (sa c\u00e9l\u00e8bre sortie sur les femmes de 50 ans), je tenais \u00e0 faire un petit retour sur les rapports de cette affaire avec le f\u00e9minisme. D\u00e9noncer Yann Moix ne fait &hellip; Continuer la lecture de &laquo;&nbsp;Yann Moix-Moi-Moi et le f\u00e9minisme&nbsp;&raquo;\" \/>\n<meta property=\"og:url\" content=\"https:\/\/eromakia.fr\/index.php\/2019\/01\/16\/yann-moi-moi-moi-et-le-feminisme\/\" \/>\n<meta property=\"og:site_name\" content=\"Eromakia\" \/>\n<meta property=\"article:published_time\" content=\"2019-01-16T11:32:20+00:00\" \/>\n<meta property=\"article:modified_time\" content=\"2020-12-14T16:00:45+00:00\" \/>\n<meta property=\"og:image\" content=\"http:\/\/eromakia.fr\/wp-content\/uploads\/2019\/01\/Women-Studies.jpg\" \/>\n<meta name=\"author\" content=\"Eromakia\" \/>\n<meta name=\"twitter:card\" content=\"summary_large_image\" \/>\n<meta name=\"twitter:label1\" content=\"\u00c9crit par\" \/>\n\t<meta name=\"twitter:data1\" content=\"Eromakia\" \/>\n\t<meta name=\"twitter:label2\" content=\"Dur\u00e9e de lecture estim\u00e9e\" \/>\n\t<meta name=\"twitter:data2\" content=\"13 minutes\" \/>\n<script type=\"application\/ld+json\" class=\"yoast-schema-graph\">{\"@context\":\"https:\/\/schema.org\",\"@graph\":[{\"@type\":\"WebPage\",\"@id\":\"https:\/\/eromakia.fr\/index.php\/2019\/01\/16\/yann-moi-moi-moi-et-le-feminisme\/\",\"url\":\"https:\/\/eromakia.fr\/index.php\/2019\/01\/16\/yann-moi-moi-moi-et-le-feminisme\/\",\"name\":\"Yann Moix-Moi-Moi et le f\u00e9minisme - Eromakia\",\"isPartOf\":{\"@id\":\"https:\/\/eromakia.fr\/#website\"},\"datePublished\":\"2019-01-16T11:32:20+00:00\",\"dateModified\":\"2020-12-14T16:00:45+00:00\",\"author\":{\"@id\":\"https:\/\/eromakia.fr\/#\/schema\/person\/8d79faa25100a008a48d2cf2fab98932\"},\"breadcrumb\":{\"@id\":\"https:\/\/eromakia.fr\/index.php\/2019\/01\/16\/yann-moi-moi-moi-et-le-feminisme\/#breadcrumb\"},\"inLanguage\":\"fr-FR\",\"potentialAction\":[{\"@type\":\"ReadAction\",\"target\":[\"https:\/\/eromakia.fr\/index.php\/2019\/01\/16\/yann-moi-moi-moi-et-le-feminisme\/\"]}]},{\"@type\":\"BreadcrumbList\",\"@id\":\"https:\/\/eromakia.fr\/index.php\/2019\/01\/16\/yann-moi-moi-moi-et-le-feminisme\/#breadcrumb\",\"itemListElement\":[{\"@type\":\"ListItem\",\"position\":1,\"name\":\"Accueil\",\"item\":\"https:\/\/eromakia.fr\/\"},{\"@type\":\"ListItem\",\"position\":2,\"name\":\"Yann Moix-Moi-Moi et le f\u00e9minisme\"}]},{\"@type\":\"WebSite\",\"@id\":\"https:\/\/eromakia.fr\/#website\",\"url\":\"https:\/\/eromakia.fr\/\",\"name\":\"Eromakia\",\"description\":\"Art, Love and Fight Chronicles\",\"potentialAction\":[{\"@type\":\"SearchAction\",\"target\":{\"@type\":\"EntryPoint\",\"urlTemplate\":\"https:\/\/eromakia.fr\/?s={search_term_string}\"},\"query-input\":\"required name=search_term_string\"}],\"inLanguage\":\"fr-FR\"},{\"@type\":\"Person\",\"@id\":\"https:\/\/eromakia.fr\/#\/schema\/person\/8d79faa25100a008a48d2cf2fab98932\",\"name\":\"Eromakia\",\"image\":{\"@type\":\"ImageObject\",\"inLanguage\":\"fr-FR\",\"@id\":\"https:\/\/eromakia.fr\/#\/schema\/person\/image\/\",\"url\":\"https:\/\/secure.gravatar.com\/avatar\/8266e905c06552885a82fe6cba24493ce804a3e255e4bc4becc87202a9ce14ae?s=96&d=mm&r=g\",\"contentUrl\":\"https:\/\/secure.gravatar.com\/avatar\/8266e905c06552885a82fe6cba24493ce804a3e255e4bc4becc87202a9ce14ae?s=96&d=mm&r=g\",\"caption\":\"Eromakia\"},\"url\":\"https:\/\/eromakia.fr\/index.php\/author\/eromakia\/\"}]}<\/script>\n<!-- \/ Yoast SEO plugin. -->","yoast_head_json":{"title":"Yann Moix-Moi-Moi et le f\u00e9minisme - Eromakia","robots":{"index":"index","follow":"follow","max-snippet":"max-snippet:-1","max-image-preview":"max-image-preview:large","max-video-preview":"max-video-preview:-1"},"canonical":"https:\/\/eromakia.fr\/index.php\/2019\/01\/16\/yann-moi-moi-moi-et-le-feminisme\/","og_locale":"fr_FR","og_type":"article","og_title":"Yann Moix-Moi-Moi et le f\u00e9minisme - Eromakia","og_description":"M&rsquo;\u00e9tant fait traiter de n\u00e9o-f\u00e9ministe (et ce n&rsquo;\u00e9tait pas un compliment) parce que je me suis insurg\u00e9e avec vigueur contre la goujaterie de Yann Moix (sa c\u00e9l\u00e8bre sortie sur les femmes de 50 ans), je tenais \u00e0 faire un petit retour sur les rapports de cette affaire avec le f\u00e9minisme. D\u00e9noncer Yann Moix ne fait &hellip; Continuer la lecture de &laquo;&nbsp;Yann Moix-Moi-Moi et le f\u00e9minisme&nbsp;&raquo;","og_url":"https:\/\/eromakia.fr\/index.php\/2019\/01\/16\/yann-moi-moi-moi-et-le-feminisme\/","og_site_name":"Eromakia","article_published_time":"2019-01-16T11:32:20+00:00","article_modified_time":"2020-12-14T16:00:45+00:00","og_image":[{"url":"http:\/\/eromakia.fr\/wp-content\/uploads\/2019\/01\/Women-Studies.jpg"}],"author":"Eromakia","twitter_card":"summary_large_image","twitter_misc":{"\u00c9crit par":"Eromakia","Dur\u00e9e de lecture estim\u00e9e":"13 minutes"},"schema":{"@context":"https:\/\/schema.org","@graph":[{"@type":"WebPage","@id":"https:\/\/eromakia.fr\/index.php\/2019\/01\/16\/yann-moi-moi-moi-et-le-feminisme\/","url":"https:\/\/eromakia.fr\/index.php\/2019\/01\/16\/yann-moi-moi-moi-et-le-feminisme\/","name":"Yann Moix-Moi-Moi et le f\u00e9minisme - Eromakia","isPartOf":{"@id":"https:\/\/eromakia.fr\/#website"},"datePublished":"2019-01-16T11:32:20+00:00","dateModified":"2020-12-14T16:00:45+00:00","author":{"@id":"https:\/\/eromakia.fr\/#\/schema\/person\/8d79faa25100a008a48d2cf2fab98932"},"breadcrumb":{"@id":"https:\/\/eromakia.fr\/index.php\/2019\/01\/16\/yann-moi-moi-moi-et-le-feminisme\/#breadcrumb"},"inLanguage":"fr-FR","potentialAction":[{"@type":"ReadAction","target":["https:\/\/eromakia.fr\/index.php\/2019\/01\/16\/yann-moi-moi-moi-et-le-feminisme\/"]}]},{"@type":"BreadcrumbList","@id":"https:\/\/eromakia.fr\/index.php\/2019\/01\/16\/yann-moi-moi-moi-et-le-feminisme\/#breadcrumb","itemListElement":[{"@type":"ListItem","position":1,"name":"Accueil","item":"https:\/\/eromakia.fr\/"},{"@type":"ListItem","position":2,"name":"Yann Moix-Moi-Moi et le f\u00e9minisme"}]},{"@type":"WebSite","@id":"https:\/\/eromakia.fr\/#website","url":"https:\/\/eromakia.fr\/","name":"Eromakia","description":"Art, Love and Fight Chronicles","potentialAction":[{"@type":"SearchAction","target":{"@type":"EntryPoint","urlTemplate":"https:\/\/eromakia.fr\/?s={search_term_string}"},"query-input":"required name=search_term_string"}],"inLanguage":"fr-FR"},{"@type":"Person","@id":"https:\/\/eromakia.fr\/#\/schema\/person\/8d79faa25100a008a48d2cf2fab98932","name":"Eromakia","image":{"@type":"ImageObject","inLanguage":"fr-FR","@id":"https:\/\/eromakia.fr\/#\/schema\/person\/image\/","url":"https:\/\/secure.gravatar.com\/avatar\/8266e905c06552885a82fe6cba24493ce804a3e255e4bc4becc87202a9ce14ae?s=96&d=mm&r=g","contentUrl":"https:\/\/secure.gravatar.com\/avatar\/8266e905c06552885a82fe6cba24493ce804a3e255e4bc4becc87202a9ce14ae?s=96&d=mm&r=g","caption":"Eromakia"},"url":"https:\/\/eromakia.fr\/index.php\/author\/eromakia\/"}]}},"_links":{"self":[{"href":"https:\/\/eromakia.fr\/index.php\/wp-json\/wp\/v2\/posts\/2155","targetHints":{"allow":["GET"]}}],"collection":[{"href":"https:\/\/eromakia.fr\/index.php\/wp-json\/wp\/v2\/posts"}],"about":[{"href":"https:\/\/eromakia.fr\/index.php\/wp-json\/wp\/v2\/types\/post"}],"author":[{"embeddable":true,"href":"https:\/\/eromakia.fr\/index.php\/wp-json\/wp\/v2\/users\/1"}],"replies":[{"embeddable":true,"href":"https:\/\/eromakia.fr\/index.php\/wp-json\/wp\/v2\/comments?post=2155"}],"version-history":[{"count":143,"href":"https:\/\/eromakia.fr\/index.php\/wp-json\/wp\/v2\/posts\/2155\/revisions"}],"predecessor-version":[{"id":10306,"href":"https:\/\/eromakia.fr\/index.php\/wp-json\/wp\/v2\/posts\/2155\/revisions\/10306"}],"wp:attachment":[{"href":"https:\/\/eromakia.fr\/index.php\/wp-json\/wp\/v2\/media?parent=2155"}],"wp:term":[{"taxonomy":"category","embeddable":true,"href":"https:\/\/eromakia.fr\/index.php\/wp-json\/wp\/v2\/categories?post=2155"},{"taxonomy":"post_tag","embeddable":true,"href":"https:\/\/eromakia.fr\/index.php\/wp-json\/wp\/v2\/tags?post=2155"}],"curies":[{"name":"wp","href":"https:\/\/api.w.org\/{rel}","templated":true}]}}