{"id":12634,"date":"2021-03-14T19:55:31","date_gmt":"2021-03-14T18:55:31","guid":{"rendered":"http:\/\/eromakia.fr\/?p=12634"},"modified":"2021-07-20T11:19:49","modified_gmt":"2021-07-20T09:19:49","slug":"festival-de-connes-les-cesar-et-les-pompeuses-cornichonnes","status":"publish","type":"post","link":"https:\/\/eromakia.fr\/index.php\/2021\/03\/14\/festival-de-connes-les-cesar-et-les-pompeuses-cornichonnes\/","title":{"rendered":"[Festival de connes] \u2013 Les C\u00e9sar 21 et les pompeuses cornichonnes"},"content":{"rendered":"\n<p>* J&rsquo;ai fait une exception \u00e0 mes principes et j&rsquo;ai f\u00e9minis\u00e9 les <a href=\"https:\/\/editions.flammarion.com\/entartons-entartons-les-pompeux-cornichons\/9782080685469\">\u00ab\u00a0pompeux cornichons\u00a0\u00bb<\/a> de No\u00ebl Godin. J&rsquo;aurais pu aussi \u00e9crire \u00ab\u00a0festival de con.NE.s\u00a0\u00bb, seul emploi de l&rsquo;inclusive que je m&rsquo;autorise : <\/p>\n\n\n\n<figure class=\"wp-block-image size-large\"><img loading=\"lazy\" decoding=\"async\" width=\"960\" height=\"938\" src=\"https:\/\/eromakia.fr\/wp-content\/uploads\/2018\/02\/Bande-de-connes.jpg\" alt=\"\" class=\"wp-image-4273\" srcset=\"https:\/\/eromakia.fr\/wp-content\/uploads\/2018\/02\/Bande-de-connes.jpg 960w, https:\/\/eromakia.fr\/wp-content\/uploads\/2018\/02\/Bande-de-connes-300x293.jpg 300w, https:\/\/eromakia.fr\/wp-content\/uploads\/2018\/02\/Bande-de-connes-768x750.jpg 768w\" sizes=\"auto, (max-width: 767px) 89vw, (max-width: 1000px) 54vw, (max-width: 1071px) 543px, 580px\" \/><\/figure>\n\n\n\n<p>&#8230; mais je vais me contenter d&rsquo;une discr\u00e8te allusion \u00e0 C\u00e9sar et Pomp\u00e9e, aux nichons de l&rsquo;h\u00e9ro\u00efne de la soir\u00e9e et \u00e0 tous ces cornichons culturels qui nous pompent l&rsquo;air. <\/p>\n\n\n\n<p>Je suis en tout cas toujours aussi \u00e9tonn\u00e9e, pour ne pas dire agac\u00e9e, de d\u00e9couvrir \u00e0 quel point mes descriptions du n\u00e9o-f\u00e9minisme sont syst\u00e9matiquement mises en oeuvre et illustr\u00e9es, avec une r\u00e9gularit\u00e9 de m\u00e9tronome, par celles-l\u00e0 m\u00eame que je visais. J&rsquo;eusse pourtant pr\u00e9f\u00e9r\u00e9 que cette r\u00e9alit\u00e9 n&rsquo;exist\u00e2t point, que tous ces tableaux consternants de la f\u00e9ministe d&rsquo;aujourd&rsquo;hui ne soient que de mauvais r\u00eaves ou des inqui\u00e9tudes sans fondement. H\u00e9las, trois fois h\u00e9las.<\/p>\n\n\n\n<p><strong><em>C\u00e9sar 2021<\/em> : le festival de connes bat son plein<\/strong><\/p>\n\n\n\n<p>\u00c0 quelques exceptions pr\u00e8s, dont la majestueuse Fanny Ardant qui a su prendre le contrepied de l&rsquo;armada de <a href=\"https:\/\/madame.lefigaro.fr\/style\/marina-fois-les-secrets-de-sa-robe-louis-vuitton-cesar-2021-120321-195708\">pleureuses subventionn\u00e9es en robe Vuitton \u00e0 plusieurs milliers d&rsquo;\u20ac<\/a>, quand celle-ci a d\u00e9clar\u00e9 : \u00ab\u00a0<em>C\u2019est une joie de f\u00eater les acteurs, de c\u00e9l\u00e9brer les hommes, leur dire qu\u2019ils sont beaux, qu\u2019ils&nbsp;sont braves, qu\u2019on r\u00eave de les conna\u00eetre (\u2026)&nbsp;<em>Qu\u2019on d\u00e9sire les revoir.&nbsp;Et que\u2026 on les aime\u2026 on les admire.&nbsp;<\/em>Et&nbsp;que <strong>vivre sans eux ne serait pas tout \u00e0 fait vivre\u00a0\u00bb<\/strong>, <\/em>la c\u00e9r\u00e9monie 2021<em>&nbsp;<\/em>a \u00e9t\u00e9 le p\u00e9nible et attendu d\u00e9fil\u00e9 de n\u00e9o-f\u00e9ministes et de gauchistes \u00ab\u00a0culturels\u00a0\u00bb avec leurs postures rebellocrates et leurs blagues t\u00e9l\u00e9phon\u00e9es plus affligeantes les unes que les autres.<\/p>\n\n\n\n<p>D&rsquo;autres ayant d\u00e9j\u00e0 brillamment comment\u00e9 leurs c\u00e9l\u00e9brations de l&rsquo;agresseur Adama Traor\u00e9 (<a href=\"https:\/\/eromakia.fr\/index.php\/2018\/08\/14\/feminists-love-islamists\/\">mais quand c&rsquo;est un racis\u00e9, ce n&rsquo;est pas du viol, voyons<\/a>), leurs citations d&rsquo;Hitler destin\u00e9es \u00e0 Polanski (Vincent Dedienne et son <a href=\"https:\/\/www.transfuge.fr\/2021\/03\/13\/cesar-de-labjection\/\">\u00ab\u00a0c\u00e9sar de l&rsquo;abjection\u00a0\u00bb<\/a>), leurs soutiens \u00e0 Michel Zecler ou \u00e0 Dieudonn\u00e9, <a href=\"https:\/\/www.voici.fr\/tele\/cesar-2021-anny-duperey-dezingue-marina-fois-sur-son-sketch-bas-et-inutile-avec-nathalie-baye-699478\">l&rsquo;insulte \u00e0 Nathalie Baye trait\u00e9e de merde<\/a> et j&rsquo;en passe, je vais surtout revenir sur le spectacle offert par Corinne Masiero.<\/p>\n\n\n\n<figure class=\"wp-block-image size-large\"><img loading=\"lazy\" decoding=\"async\" width=\"622\" height=\"311\" src=\"https:\/\/eromakia.fr\/wp-content\/uploads\/2021\/03\/Cesars-discours-de-Marina-Fois-Corinne-Masiero-nue-revivez-cette-soiree-politique.jpg\" alt=\"\" class=\"wp-image-12639\" srcset=\"https:\/\/eromakia.fr\/wp-content\/uploads\/2021\/03\/Cesars-discours-de-Marina-Fois-Corinne-Masiero-nue-revivez-cette-soiree-politique.jpg 622w, https:\/\/eromakia.fr\/wp-content\/uploads\/2021\/03\/Cesars-discours-de-Marina-Fois-Corinne-Masiero-nue-revivez-cette-soiree-politique-300x150.jpg 300w\" sizes=\"auto, (max-width: 622px) 100vw, 622px\" \/><\/figure>\n\n\n\n<p>Masiero, c&rsquo;est cette actrice de second rang connue pour avoir v\u00e9cu de ses charmes dans sa jeunesse avant de  se recycler dans une s\u00e9rie TV dont j&rsquo;ignore tout et surtout, de <a href=\"https:\/\/france3-regions.francetvinfo.fr\/hauts-de-france\/legislatives-nordiste-corinne-masiero-alias-capitaine-marleau-soutient-francois-ruffin-1275045.html\">militer pour l&rsquo;extr\u00eame gauche<\/a>. <\/p>\n\n\n\n<p>Elle est donc une synth\u00e8se parfaite de la <a href=\"https:\/\/www.lavoixdunord.fr\/711095\/article\/2020-02-16\/academie-des-cesar-corinne-masiero-fustige-ces-bourgeois-heteros-catholiques\">f\u00e9ministe gauchiste et raciste<\/a> sur le retour et de l&rsquo;actrice-bobo pleure-mis\u00e8re qui, ayant compris que le 7e Art (le vrai) ne se risquerait pas de sit\u00f4t \u00e0 lui servir de grands r\u00f4les, a fait le calcul, comme nombre de starlettes fatigu\u00e9es, d&rsquo;\u00e9pouser la cause f\u00e9ministe, voiture-balai bien connue du cin\u00e9ma f\u00e9minin international. Elle est l&rsquo;illustration m\u00eame de ce que j&rsquo;\u00e9crivais dans mon article sur le \u00ab\u00a0cin\u00e9ma des f\u00e9ministes\u00a0\u00bb : le meilleur r\u00f4le pour une actrice sans personnalit\u00e9 et sans classe, c&rsquo;est de nous la jouer n\u00e9o-f\u00e9ministe revendicative, c&rsquo;est-\u00e0-dire de servir <em>urbi et orbi<\/em> sa pleurnicherie victimaire, une fois que le <a href=\"https:\/\/eromakia.fr\/index.php\/la-supercherie-du-patriarcat\/\">\u00ab\u00a0patriarcat\u00a0\u00bb<\/a> \u2013 dont elle a en g\u00e9n\u00e9ral plus que largement profit\u00e9 \u2013 ne la laisse plus lui faire les poches aussi facilement :<\/p>\n\n\n\n<figure class=\"wp-block-embed is-type-wp-embed is-provider-eromakia wp-block-embed-eromakia\"><div class=\"wp-block-embed__wrapper\">\n<blockquote class=\"wp-embedded-content\" data-secret=\"xN17drRI0V\"><a href=\"https:\/\/eromakia.fr\/index.php\/2021\/03\/14\/festival-de-connes-les-cesar-et-les-pompeuses-cornichonnes\/\">[Festival de connes] \u2013 Les C\u00e9sar 21 et les pompeuses cornichonnes<\/a><\/blockquote><iframe loading=\"lazy\" class=\"wp-embedded-content\" sandbox=\"allow-scripts\" security=\"restricted\" style=\"position: absolute; clip: rect(1px, 1px, 1px, 1px);\" title=\"\u00ab\u00a0[Festival de connes] \u2013 Les C\u00e9sar 21 et les pompeuses cornichonnes\u00a0\u00bb &#8212; Eromakia\" src=\"https:\/\/eromakia.fr\/index.php\/2021\/03\/14\/festival-de-connes-les-cesar-et-les-pompeuses-cornichonnes\/embed\/#?secret=F87UaYYZxM#?secret=xN17drRI0V\" data-secret=\"xN17drRI0V\" width=\"525\" height=\"296\" frameborder=\"0\" marginwidth=\"0\" marginheight=\"0\" scrolling=\"no\"><\/iframe>\n<\/div><\/figure>\n\n\n\n<p>On croirait que Corinne Masiero est all\u00e9e puiser son inspiration directement dans mon br\u00e9viaire de la n\u00e9o-f\u00e9ministe en d\u00e9bine, ce <a href=\"https:\/\/eromakia.fr\/index.php\/lunivers-feministe\/\">catalogue de n\u00e9vroses et de revendications en carton<\/a> pour bourgeoises occidentales d\u00e9soeuvr\u00e9es. Ou qu&rsquo;elle a plagi\u00e9 les photos des \u00ab\u00a0r\u00e8gles du d\u00e9go\u00fbt\u00a0\u00bb, ces mises en sc\u00e8ne d\u00e9j\u00e0 \u00e9cul\u00e9es mais toujours efficaces pour impressionner le chaland : <\/p>\n\n\n\n<figure class=\"wp-block-embed is-type-wp-embed is-provider-eromakia wp-block-embed-eromakia\"><div class=\"wp-block-embed__wrapper\">\n<blockquote class=\"wp-embedded-content\" data-secret=\"3pXKMrJf1n\"><a href=\"https:\/\/eromakia.fr\/index.php\/2019\/02\/11\/les-regles-du-degout\/\">[F\u00e9minisme zombie] \u2013 Les r\u00e8gles du d\u00e9go\u00fbt<\/a><\/blockquote><iframe loading=\"lazy\" class=\"wp-embedded-content\" sandbox=\"allow-scripts\" security=\"restricted\" style=\"position: absolute; clip: rect(1px, 1px, 1px, 1px);\" title=\"\u00ab\u00a0[F\u00e9minisme zombie] \u2013 Les r\u00e8gles du d\u00e9go\u00fbt\u00a0\u00bb &#8212; Eromakia\" src=\"https:\/\/eromakia.fr\/index.php\/2019\/02\/11\/les-regles-du-degout\/embed\/#?secret=OemPLNakXA#?secret=3pXKMrJf1n\" data-secret=\"3pXKMrJf1n\" width=\"525\" height=\"296\" frameborder=\"0\" marginwidth=\"0\" marginheight=\"0\" scrolling=\"no\"><\/iframe>\n<\/div><\/figure>\n\n\n\n<p>Elle incarne tellement le \u00ab\u00a0f\u00e9minisme trash et la haine de la beaut\u00e9\u00a0\u00bb que j&rsquo;aurais pu \u00e9crire cet article rien que pour elle :<\/p>\n\n\n\n<figure class=\"wp-block-embed is-type-wp-embed is-provider-eromakia wp-block-embed-eromakia\"><div class=\"wp-block-embed__wrapper\">\n<blockquote class=\"wp-embedded-content\" data-secret=\"ffFrWvYS18\"><a href=\"https:\/\/eromakia.fr\/index.php\/2019\/07\/26\/feminisme-trash-la-haine-de-la-beaute\/\">[F\u00e9minisme ou f\u00e9isme ?] \u2013 Le f\u00e9minisme trash et la haine de la beaut\u00e9<\/a><\/blockquote><iframe loading=\"lazy\" class=\"wp-embedded-content\" sandbox=\"allow-scripts\" security=\"restricted\" style=\"position: absolute; clip: rect(1px, 1px, 1px, 1px);\" title=\"\u00ab\u00a0[F\u00e9minisme ou f\u00e9isme ?] \u2013 Le f\u00e9minisme trash et la haine de la beaut\u00e9\u00a0\u00bb &#8212; Eromakia\" src=\"https:\/\/eromakia.fr\/index.php\/2019\/07\/26\/feminisme-trash-la-haine-de-la-beaute\/embed\/#?secret=JWxvGiyY2s#?secret=ffFrWvYS18\" data-secret=\"ffFrWvYS18\" width=\"525\" height=\"296\" frameborder=\"0\" marginwidth=\"0\" marginheight=\"0\" scrolling=\"no\"><\/iframe>\n<\/div><\/figure>\n\n\n\n<p>Quant au petit sac d&rsquo;excr\u00e9ments promen\u00e9 par cette <em>control freak<\/em> rev\u00eache de Marina Fo\u00efs, tout est l\u00e0 :<\/p>\n\n\n\n<figure class=\"wp-block-embed is-type-wp-embed is-provider-eromakia wp-block-embed-eromakia\"><div class=\"wp-block-embed__wrapper\">\n<blockquote class=\"wp-embedded-content\" data-secret=\"sXuk3Kl3Rx\"><a href=\"https:\/\/eromakia.fr\/index.php\/2019\/02\/27\/je-chie-donc-je-suis-a-la-decouverte-du-feminisme-colorectal\/\">Je chie donc je suis \u2013 Exploration du f\u00e9minisme colorectal<\/a><\/blockquote><iframe loading=\"lazy\" class=\"wp-embedded-content\" sandbox=\"allow-scripts\" security=\"restricted\" style=\"position: absolute; clip: rect(1px, 1px, 1px, 1px);\" title=\"\u00ab\u00a0Je chie donc je suis \u2013 Exploration du f\u00e9minisme colorectal\u00a0\u00bb &#8212; Eromakia\" src=\"https:\/\/eromakia.fr\/index.php\/2019\/02\/27\/je-chie-donc-je-suis-a-la-decouverte-du-feminisme-colorectal\/embed\/#?secret=b2w3FAz2dr#?secret=sXuk3Kl3Rx\" data-secret=\"sXuk3Kl3Rx\" width=\"525\" height=\"296\" frameborder=\"0\" marginwidth=\"0\" marginheight=\"0\" scrolling=\"no\"><\/iframe>\n<\/div><\/figure>\n\n\n\n<p>Dans ce catalogue <em>C\u00e9sar 21<\/em> des postures f\u00e9ministo-r\u00e9gressives \u00e0 base de pipi-caca-prout, elles ont juste oubli\u00e9 <a href=\"https:\/\/eromakia.fr\/index.php\/2018\/09\/16\/anthologie-du-feminisme-urinaire\/\">le pipi<\/a>, semble-t-il. On notera \u00e9galement l&rsquo;absence du <a href=\"https:\/\/eromakia.fr\/index.php\/2018\/02\/27\/lart-feministe-ou-le-deficit-dinspiration\/\">clito<\/a>, mais celle-ci pourrait s&rsquo;expliquer par la prise en compte, il est vrai tout r\u00e9cente, du fait qu&rsquo;aujourd&rsquo;hui <strong>certaines femmes n&rsquo;ont pas de clitoris mais un p\u00e9nis<\/strong> et qu&rsquo;il serait particuli\u00e8rement malvenu de les offenser :<\/p>\n\n\n\n<figure class=\"wp-block-image size-large\"><img loading=\"lazy\" decoding=\"async\" width=\"1024\" height=\"308\" src=\"https:\/\/eromakia.fr\/wp-content\/uploads\/2021\/03\/Clito-transphobe-1024x308.jpg\" alt=\"\" class=\"wp-image-12519\" srcset=\"https:\/\/eromakia.fr\/wp-content\/uploads\/2021\/03\/Clito-transphobe-1024x308.jpg 1024w, https:\/\/eromakia.fr\/wp-content\/uploads\/2021\/03\/Clito-transphobe-300x90.jpg 300w, https:\/\/eromakia.fr\/wp-content\/uploads\/2021\/03\/Clito-transphobe-768x231.jpg 768w, https:\/\/eromakia.fr\/wp-content\/uploads\/2021\/03\/Clito-transphobe.jpg 1170w\" sizes=\"auto, (max-width: 767px) 89vw, (max-width: 1000px) 54vw, (max-width: 1071px) 543px, 580px\" \/><figcaption>8 mars 2021<\/figcaption><\/figure>\n\n\n\n<p>On rel\u00e8vera par ailleurs une contradiction chez notre peau de fesse nationale : elle a pris soin de ne pas trop s&rsquo;\u00e9piler la chatte (juste un ticket de m\u00e9tro) mais elle s&rsquo;est quand m\u00eame \u00e9pil\u00e9 les aisselles : bon, alors, c&rsquo;est quoi cette demi-soumission au patriarcat ? Il fallait venir en poils et assumer ! Quand on milite pour la mort de l&rsquo;\u00e9rotisme et qu&rsquo;on essaie de rivaliser avec un flacon de bromure pour \u00eatre certaine de passer l&rsquo;envie de baiser m\u00eame \u00e0 un bonobo en rut, on va jusqu&rsquo;au bout de sa logique !<\/p>\n\n\n\n<p>On pourrait bien s\u00fbr se demander en quoi le \u00ab\u00a0combat pour l&rsquo;\u00e9galit\u00e9\u00a0\u00bb serait d\u00e9fendu et l&rsquo;image de la femme valoris\u00e9e par ce  triste spectacle ; en quoi des sacs de crotte en guise de sac \u00e0 main, des tampax sanguinolants aux oreilles, des prouts et des bite-couilles-merde \u00e0 tous les coins de phrases donneraient envie de d\u00e9fendre un sexe qui se pr\u00e9sente hypocritement comme faible et opprim\u00e9 mais qui vient de d\u00e9montrer que Jean-Marie Bigard, en comparaison, c&rsquo;\u00e9tait Pierre de Ronsard (l&rsquo;humour en plus car lui au moins, il arrive \u00e0 \u00eatre dr\u00f4le, ce qui n&rsquo;est jamais le cas des f\u00e9ministes) :<\/p>\n\n\n\n<figure class=\"wp-block-image size-large\"><img loading=\"lazy\" decoding=\"async\" width=\"692\" height=\"960\" src=\"https:\/\/eromakia.fr\/wp-content\/uploads\/2021\/03\/161011287_10158400359352739_159885570736497992_n.jpg\" alt=\"\" class=\"wp-image-12722\" srcset=\"https:\/\/eromakia.fr\/wp-content\/uploads\/2021\/03\/161011287_10158400359352739_159885570736497992_n.jpg 692w, https:\/\/eromakia.fr\/wp-content\/uploads\/2021\/03\/161011287_10158400359352739_159885570736497992_n-216x300.jpg 216w\" sizes=\"auto, (max-width: 692px) 100vw, 692px\" \/><\/figure>\n\n\n\n<p>Ce que l&rsquo;on finit surtout par comprendre ici, c&rsquo;est que la mascarade f\u00e9ministe n&rsquo;a plus tellement d&rsquo;autres fondements que la n\u00e9vrose personnelle, la haine de soi, l&rsquo;immaturit\u00e9 sous toutes ses formes, la parano\u00efa et les postures r\u00e9gressives. <\/p>\n\n\n\n<p><strong><em>Mais pourquoi jeter ainsi la laideur f\u00e9minine \u00e0 la face du monde ?<\/em><\/strong><\/p>\n\n\n\n<p>Au-del\u00e0 du contexte convenu et r\u00e9p\u00e9titif (\u00ab\u00a0gneu gneu, je m&rsquo;exhibe parce qu&rsquo;on nous subventionne pas assez, ouin ouin\u00a0\u00bb), le geste lui-m\u00eame, associ\u00e9 ici au combat ridicule contre la pseudo-pr\u00e9carit\u00e9 menstruelle, nous renseigne aussi et surtout sur l&rsquo;\u00e9tat psychologique de ces femmes.  Quand S\u00e9bastien Thi\u00e9ry venu aux Moli\u00e8res en 2015 d\u00e9noncer, nu lui aussi, la pr\u00e9carit\u00e9 de ses semblables, il \u00e9tait classe (et m\u00eame sexy) :<\/p>\n\n\n\n<figure class=\"wp-block-image size-large\"><img loading=\"lazy\" decoding=\"async\" width=\"1024\" height=\"557\" src=\"https:\/\/eromakia.fr\/wp-content\/uploads\/2021\/03\/sebastien-thiery-1024x557.jpg\" alt=\"\" class=\"wp-image-12808\" srcset=\"https:\/\/eromakia.fr\/wp-content\/uploads\/2021\/03\/sebastien-thiery-1024x557.jpg 1024w, https:\/\/eromakia.fr\/wp-content\/uploads\/2021\/03\/sebastien-thiery-300x163.jpg 300w, https:\/\/eromakia.fr\/wp-content\/uploads\/2021\/03\/sebastien-thiery-768x418.jpg 768w, https:\/\/eromakia.fr\/wp-content\/uploads\/2021\/03\/sebastien-thiery.jpg 1125w\" sizes=\"auto, (max-width: 767px) 89vw, (max-width: 1000px) 54vw, (max-width: 1071px) 543px, 580px\" \/><figcaption>S\u00e9bastien Thi\u00e9ry, C\u00e9r\u00e9monie des Moli\u00e8res, 2015, avec la ministre Fleur Pellerin<\/figcaption><\/figure>\n\n\n\n<p>Six ans plus tard, le gag est un peu essouffl\u00e9, alors elles vont pr\u00e9tendre que la nudit\u00e9 trash, c&rsquo;est pour \u00ab\u00a0lib\u00e9rer la femme des diktats de la beaut\u00e9 et du patriarcat\u00a0\u00bb, gna gna gna&#8230; Sauf que c&rsquo;est faux. D\u00e9j\u00e0 pour commencer, le <a href=\"https:\/\/eromakia.fr\/index.php\/la-supercherie-du-patriarcat\/\">\u00ab\u00a0patriarcat\u00a0\u00bb n&rsquo;existe pas<\/a>, il n&rsquo;existe rien d&rsquo;autre que la longue marche, souvent accident\u00e9e, de la civilisation humaine, <em>port\u00e9e et voulue conjointement par les deux sexes<\/em> \u2013 car en p\u00e9riode d&rsquo;ins\u00e9curit\u00e9, seul le \u00ab\u00a0patriarcat\u00a0\u00bb pouvait permettre aux femmes  de rester en vie. Aucune gynocratie faisant fi de la combativit\u00e9 des hommes ou de leur \u00ab\u00a0art de la guerre\u00a0\u00bb n&rsquo;a jamais perdur\u00e9, ja-mais.  Aujourd&rsquo;hui encore, face \u00e0 Daesh, aucune soci\u00e9t\u00e9 f\u00e9ministe ou matriarcale ne tiendrait deux secondes sans les bonnes vieilles recettes masculines : l&rsquo;arm\u00e9e, la d\u00e9fense strat\u00e9gique, l&rsquo;ing\u00e9nierie, le maniement des armes sur les terrains d&rsquo;op\u00e9rations militaires, le sang qui coule \u2013 et cette fois, pas le faux sang des r\u00e8gles de la com\u00e9die f\u00e9ministe ! \u2013, etc.<\/p>\n\n\n\n<p>Ensuite, le d\u00e9sir de beaut\u00e9 est un invariant chez les deux sexes, une aspiration du cerveau profond. Nos g\u00e8nes ne nous ont pas programm\u00e9s pour \u00eatre attir\u00e9s par la crasse, la d\u00e9composition, les remugles, la laideur, l&rsquo;urine ou m\u00eame le sang des r\u00e8gles, que l&rsquo;on associe inconsciemment \u00e0 l&rsquo;impuret\u00e9. Aucune femme ne renonce volontairement \u00e0 \u00eatre attrayante, aucun homme h\u00e9t\u00e9rosexuel ne se d\u00e9tourne spontan\u00e9ment de l&rsquo;appel \u00e9rotique d&rsquo;une femme. Les f\u00e9ministes livrent comme toujours  un combat perdu d&rsquo;avance ; combat qui, en v\u00e9rit\u00e9, dissimule bien mal leur profond d\u00e9sespoir \u2013 car je suis de plus en plus convaincue que <a href=\"https:\/\/eromakia.fr\/index.php\/2021\/05\/09\/feminisme-et-troubles-mentaux\/\">ce n\u00e9o-f\u00e9minisme n&rsquo;est qu&rsquo;une expression de la d\u00e9pression f\u00e9minine.<\/a><\/p>\n\n\n\n<p>L&rsquo;enr\u00f4lement dans les falbalas f\u00e9ministes de toutes ces quinquas d\u00e9pressives, ce baroud d&rsquo;honneur consistant \u00e0 jeter agressivement \u00e0 la figure de ceux qui n&rsquo;ont rien demand\u00e9 leur corps vieillissant et d\u00e9s\u00e9rotis\u00e9, cela r\u00e9v\u00e8le surtout qu&rsquo;elles ont fait connaissance avec l&rsquo;horloge biologique, avec Chronos, avec le temps&#8230; <strong>Or Saturne n&rsquo;est jamais tellement l&rsquo;ami de la f\u00e9ministe \u00e9cervel\u00e9e, en r\u00e8gle g\u00e9n\u00e9rale<\/strong>. L&rsquo;actrice f\u00e9ministe est l&rsquo;arch\u00e9type de la femme qui a perdu le seul capital sur lequel elle avait mis\u00e9, sa jeunesse et\/ou sa beaut\u00e9, sans anticiper que son pouvoir s&rsquo;amenuiserait en m\u00eame temps que sa fra\u00eecheur ; ce qui la rend toujours tr\u00e8s am\u00e8re. Le r\u00e9veil est forc\u00e9ment douloureux quand on r\u00e9alise qu&rsquo;on a perdu la bataille de la comp\u00e9tition sexuelle sans avoir v\u00e9ritablement de plan de rechange \u2013 manque d&rsquo;anticipation qui est dans les faits la principale marque de fabrique f\u00e9ministe, voir :&nbsp;<a href=\"https:\/\/eromakia.fr\/index.php\/2021\/01\/21\/echec-et-mat-les-feministes-et-le-coup-dapres\/\">[\u00c9chec et mat] \u2013 Les f\u00e9ministes et le coup d\u2019apr\u00e8s<\/a>.<\/p>\n\n\n\n<p><em>Nihilisme et d\u00e9sespoir, les deux mamelles du f\u00e9minisme anti-maternel<\/em><\/p>\n\n\n\n<p>Je le dis souvent, le n\u00e9o-f\u00e9minisme est fondamentalement une id\u00e9ologie de femmes jeunes, inexp\u00e9riment\u00e9es ou rest\u00e9es immatures qui s&rsquo;imaginent, \u00e0 l&rsquo;heure o\u00f9 elles ont tous les pouvoirs, qu&rsquo;elles pourront se comporter toute leur vie comme des imp\u00e9ratrices, avec des hommes et une soci\u00e9t\u00e9 \u00e0 leurs pieds. Ivre de supr\u00e9matie, leur f\u00e9minisme triomphant se paie le luxe de cracher sans rel\u00e2che sur tout ce qui jusque-l\u00e0 <strong>prot\u00e9geait la femme vieillissante<\/strong> : la si d\u00e9cri\u00e9e institution du mariage, par exemple, ou bien le r\u00f4le soci\u00e9tal des femmes \u00e0 la t\u00eate de leur maisonn\u00e9e, sans parler de la maternit\u00e9, des enfants&#8230; Pass\u00e9 50 ans, dans les soci\u00e9t\u00e9s \u00ab\u00a0traditionnelles\u00a0\u00bb, <a href=\"https:\/\/eromakia.fr\/index.php\/2019\/05\/09\/feminisme-islamique-lislam-est-un-matriarcat-avant-detre-un-patriarcat\/\">la m\u00e8re de famille est toujours puissante et respect\u00e9e<\/a>, quoi que pr\u00e9tendent les f\u00e9ministes occidentales \u00e0 qui il ne reste souvent que leurs yeux pour pleurer, l&rsquo;\u00e2ge venu \u2013 je suis convaincue qu&rsquo;aucune de ces m\u00e8res \u00ab\u00a0old school\u00a0\u00bb ne voudrait \u00e9changer sa place avec Miss Masiero. La question m&rsquo;a effleur\u00e9e un instant de savoir comment r\u00e9agiraient les enfants de Masiero devant ce  pitoyable spectacle&#8230; Mais comme je le soup\u00e7onnais, c&rsquo;est une f\u00e9ministe radicale anti-gosses (elle-m\u00eame est incapable de prononcer le mot \u00ab\u00a0enfants\u00a0\u00bb, elle parle uniquement de \u00ab\u00a0gosses\u00a0\u00bb: <a href=\"https:\/\/www.gala.fr\/l_actu\/news_de_stars\/corinne-masiero-capitaine-marleau-pourquoi-elle-refuse-davoir-des-enfants_423995\">\u00ab\u00a0P<em>our rien au monde, je ne ferais un gosse\u00a0\u00bb<\/em><\/a>). Ceci explique cela&#8230; Elle pr\u00e9tend qu&rsquo;elle ne veut pas avoir d&rsquo;enfants dans ce monde, sans comprendre que ce monde est aussi ce qu&rsquo;il est \u00e0 cause des gens comme elle (et c&rsquo;est bien ce qui d\u00e9sesp\u00e8re ceux qui justement ont des enfants). On rapprochera aussi ces postures de la sortie de Marina Fo\u00efs \u00e0 Nathalie Baye : <a href=\"https:\/\/www.starmag.com\/news-people\/cesar-2021-anny-duperey-tacle-le-sketch-avec-nathalie-baye-ca-me-choque-453751.html\">\u00ab\u00a0Donc vous \u00eates une m\u00e8re de&#8230;\u00a0\u00bb<\/a>. Cracher sur la maternit\u00e9 est encore et toujours le seul motto de toutes ces femmes en d\u00e9licatesse avec la f\u00e9minit\u00e9 et la sant\u00e9 mentale. <\/p>\n\n\n\n<p>Je me demande aussi ce que pensent les jeunes musulmanes de France quand elles voient ce spectacle, si \u00e7a ne leur donnerait pas par hasard une furieuse envie de d\u00e9fendre encore plus fort le patriarcat islamique&#8230; Quand elles voient que la f\u00e9ministe lib\u00e9r\u00e9e d&rsquo;aujourd&rsquo;hui, au m\u00eame \u00e2ge que leurs m\u00e8res, \u00e0 travers le mod\u00e8le d&rsquo;une artiste de second rang, n&rsquo;a d&rsquo;autre \u00ab\u00a0cr\u00e9ativit\u00e9\u00a0\u00bb que d&rsquo;imposer la vue de ses bourrelets et de ses chairs affaiss\u00e9es au monde entier, peuvent-elles r\u00e9ellement croire que c&rsquo;est \u00e7a, la lib\u00e9ration de la femme occidentale qu&rsquo;on essaie de leur vendre ? <\/p>\n\n\n\n<p><strong>Le f\u00e9minisme r\u00e9gressif vieillit mal<\/strong><\/p>\n\n\n\n<figure class=\"wp-block-image size-large\"><img loading=\"lazy\" decoding=\"async\" width=\"480\" height=\"479\" src=\"https:\/\/eromakia.fr\/wp-content\/uploads\/2021\/03\/Deneuve_masiero-3.png\" alt=\"\" class=\"wp-image-12637\" srcset=\"https:\/\/eromakia.fr\/wp-content\/uploads\/2021\/03\/Deneuve_masiero-3.png 480w, https:\/\/eromakia.fr\/wp-content\/uploads\/2021\/03\/Deneuve_masiero-3-300x300.png 300w, https:\/\/eromakia.fr\/wp-content\/uploads\/2021\/03\/Deneuve_masiero-3-150x150.png 150w, https:\/\/eromakia.fr\/wp-content\/uploads\/2021\/03\/Deneuve_masiero-3-100x100.png 100w\" sizes=\"auto, (max-width: 480px) 100vw, 480px\" \/><figcaption>Peau d&rsquo;\u00e2ne (versions 1970 et 2021)<\/figcaption><\/figure>\n\n\n\n<p>Je ne suis pas en train de dire qu&rsquo;il faut renvoyer les mauvaises actrices aux fourneaux, loin s&rsquo;en faut ! Je rappelle juste que <em>certaines com\u00e9diennes ont quelque chose de plus<\/em> que d&rsquo;autres \u2013 et ce n&rsquo;est pas que le physique ! Car celles-l\u00e0 ont su g\u00e9rer le fameux mur : elles s&rsquo;appellent Nathalie Baye, Fanny Ardant, Catherine Deneuve, Isabelle Huppert&#8230; elles sont m\u00eame nombreuses, si nombreuses que je ne saurais toutes les citer. Et incidemment, elles ne se vautrent pas dans le n\u00e9o-f\u00e9minisme victimaire, elles&#8230; Leur capital-beaut\u00e9 naturelle r\u00e9siste parfois mieux au temps, c&rsquo;est un fait, mais il se trouve surtout qu&rsquo;ayant une personnalit\u00e9 et un talent v\u00e9ritables, elles n&rsquo;ont pas besoin de se perdre dans ces pleurnicheries et r\u00e9criminations f\u00e9ministes \u00e0 tiroirs. Ce ne sont pas Catherine Deneuve ou Brigitte Bardot qui, \u00e0 l&rsquo;\u00e2ge de la m\u00e9nopause, se seraient barbouill\u00e9es de faux sang pour nous jouer le sketch de la <a href=\"https:\/\/eromakia.fr\/index.php\/2019\/02\/11\/les-regles-du-degout\/\">\u00ab\u00a0pr\u00e9carit\u00e9 menstruelle\u00a0\u00bb<\/a> aux C\u00e9sar&#8230; Rien que ce d\u00e9tail montre d&rsquo;ailleurs que la n\u00e9ofem est bien rest\u00e9e une adolescente incapable de s&rsquo;inscrire dans le temps long de la vie d&rsquo;une femme. <\/p>\n\n\n\n<p>En bref, si les f\u00e9ministes \u00e9taient un peu moins \u00ab\u00a0cancel culture\u00a0\u00bb, elles se souviendraient des petites fables morales de La Fontaine : \u00ab\u00a0La cigale, ayant chant\u00e9 tout l&rsquo;\u00e9t\u00e9, se trouva fort d\u00e9pourvue lorsque la bise fut venue\u00a0\u00bb, etc. Corinne Masiero n&rsquo;est peut-\u00eatre plus tr\u00e8s bankable, tout simplement, alors, au nom de toutes les actrices f\u00e9ministes de son \u00e2ge, celles qui n&rsquo;ont plus rien \u00e0 perdre parce qu&rsquo;elles n&rsquo;ont plus rien en magasin, elle jette en p\u00e2ture son corps sans charme, encore enlaidi par le faux sang et ces inscriptions de vieille punk d\u00e9catie, fautes d&rsquo;orthographe comprises (\u00ab\u00a0Rend l&rsquo;art\u00a0\u00bb, franchement&#8230; Pas de \u00ab\u00a0s\u00a0\u00bb, et prononcer le mot \u00ab\u00a0art\u00a0\u00bb, lol, j&rsquo;aurais plut\u00f4t parl\u00e9 de \u00ab\u00a0lard\u00a0\u00bb, moi&#8230;). On comprend aussi que le \u00ab\u00a0no future\u00a0\u00bb inscrit sur son ventre est surtout pour elles, ces f\u00e9ministes no-kids qui ont mal calcul\u00e9 et se retrouvent gros jean comme devant pass\u00e9e la cinquantaine.<\/p>\n\n\n\n<figure class=\"wp-block-image size-large\"><img loading=\"lazy\" decoding=\"async\" width=\"701\" height=\"503\" src=\"https:\/\/eromakia.fr\/wp-content\/uploads\/2021\/03\/Feminisme_erotisme7-1.png\" alt=\"\" class=\"wp-image-13047\" srcset=\"https:\/\/eromakia.fr\/wp-content\/uploads\/2021\/03\/Feminisme_erotisme7-1.png 701w, https:\/\/eromakia.fr\/wp-content\/uploads\/2021\/03\/Feminisme_erotisme7-1-300x215.png 300w\" sizes=\"auto, (max-width: 701px) 100vw, 701px\" \/><figcaption>Des f\u00e9ministes de la Mairie de Paris avaient demand\u00e9 en 2018 le retrait de cette pub Aubade<\/figcaption><\/figure>\n\n\n\n<p>Ce f\u00e9minisme trash qui cultive la haine de la beaut\u00e9 et la haine de soi en croyant \u00e9radiquer le \u00ab\u00a0<em>male gaze<\/em>\u00a0\u00bb (le regard masculin d\u00e9sirant) livre un combat dans lequel peu de femmes \u00e9quilibr\u00e9es peuvent r\u00e9ellement se retrouver. Vouloir exclure l&rsquo;image de la femme du champ de la s\u00e9duction, de l&rsquo;esth\u00e9tique, de toute forme d&rsquo;art autre que les pires productions de l&rsquo;art contemporain (avec ses imp\u00e9ratifs ultra-conformistes de transgression, de laideur, de culte du vomi, etc.), est un petit jeu qui plait beaucoup \u00e0 la \u00ab\u00a0gauche culturelle\u00a0\u00bb (ou \u00ab\u00a0inculturelle\u00a0\u00bb), certes, mais \u00e0 elle seule. Et son champ se r\u00e9tr\u00e9cit de jour en jour : <a href=\"https:\/\/www.huffingtonpost.fr\/entry\/cesar-2021-lune-des-pires-audiences-pour-la-46e-ceremonie_fr_604cc750c5b636ed337ab6aa\">les C\u00e9sar 2021 ont connu le pire flop d&rsquo;audience de toute leur histoire<\/a>. Ils ont beau avoir tout mis\u00e9 sur le buzz m\u00e9diatique de leurs provocations, le r\u00e9sultat sera le m\u00eame : le 7e Art s&rsquo;est fait cracher dessus l&rsquo;autre soir et les fran\u00e7ais sont d\u00e9sormais plus nombreux que jamais \u00e0 r\u00eaver de les voir tous dispara\u00eetre. Beaucoup ne sont pas \u00e0 la veille d&rsquo;acheter un ticket pour retourner s&rsquo;assoir dans une salle obscure (surtout pour se farcir un de leurs navets moralisateurs \u00e0 base de f\u00e9minisme, gauchisme, racialisme, lesbianisme \u00e0 toutes les sauces et autres niaiseries sans cesse recycl\u00e9es). Adieu, les fossoyeurs !<\/p>\n\n\n\n<p><strong>La guerre du n\u00e9o-f\u00e9minisme aux femmes<\/strong><\/p>\n\n\n\n<p>Ces tendances vues aux C\u00e9sar sont probablement aussi \u00e0 mettre en lien avec l&rsquo;\u00e9mergence d&rsquo;une nouvelle ligne chez les n\u00e9o-f\u00e9ministes, une ligne qui, apr\u00e8s voir d\u00e9clar\u00e9 la guerre \u00e0 la masculinit\u00e9, la d\u00e9clare d\u00e9sormais ouvertement <em>\u00e0 la f\u00e9minit\u00e9<\/em>. <strong>Car le n\u00e9o-f\u00e9minisme n&rsquo;aime ni les femmes ni la f\u00e9minit\u00e9<\/strong> ; il ne veut d&rsquo;ailleurs m\u00eame plus prononcer le mot \u00ab\u00a0femme\u00a0\u00bb : une femme est aujourd&rsquo;hui seulement une <em>\u00ab\u00a0personne qui menstrue\u00a0\u00bb<\/em>. <a href=\"https:\/\/plus.lapresse.ca\/screens\/b2f9cec5-a2da-4aee-b5d3-0dfd7c4f3a14__7C___0.html?\">Un professeur de genre au Canada s&rsquo;est faite attaquer r\u00e9cemment parce qu&rsquo;elle avait prononc\u00e9 en cours les mots \u00ab\u00a0homme\u00a0\u00bb et \u00ab\u00a0femme\u00a0\u00bb !<\/a> On se souvient \u00e9galement de ce genre d&rsquo;affiches pour un week-end n\u00e9o-f\u00e9ministe l&rsquo;automne dernier : du gras, des poils, du muscle, des looks hommasses. Exit toute forme de f\u00e9minin ou de f\u00e9minit\u00e9, des concepts en passe de devenir d\u00e9finitivement tabous :<\/p>\n\n\n\n<figure class=\"wp-block-image size-large\"><img loading=\"lazy\" decoding=\"async\" width=\"565\" height=\"800\" src=\"https:\/\/eromakia.fr\/wp-content\/uploads\/2020\/08\/118206933_10159362904486412_4676427115493300881_n.jpg\" alt=\"\" class=\"wp-image-8925\" srcset=\"https:\/\/eromakia.fr\/wp-content\/uploads\/2020\/08\/118206933_10159362904486412_4676427115493300881_n.jpg 565w, https:\/\/eromakia.fr\/wp-content\/uploads\/2020\/08\/118206933_10159362904486412_4676427115493300881_n-212x300.jpg 212w\" sizes=\"auto, (max-width: 565px) 100vw, 565px\" \/><\/figure>\n\n\n\n<p>J&rsquo;avais \u00e9voqu\u00e9 cet \u00e9v\u00e9nement dans cet article : <a href=\"https:\/\/eromakia.fr\/index.php\/2020\/08\/23\/desespoir-feministe-incelles-et-veneres-les-neofems-experimentent-la-solitude\/\">[D\u00e9sespoir f\u00e9ministe] \u2013 Incelles et v\u00e9n\u00e8res, les n\u00e9ofems nous font visiter leur enfer<\/a>.&nbsp; Il fait assez peu de doutes pour moi que sur le fond, toutes ces tendances s&rsquo;inscrivent dans la m\u00eame ligne d\u00e9sesp\u00e9r\u00e9e.<\/p>\n\n\n\n<p>[\u00e0 suivre&#8230;]<\/p>\n\n\n\n<ul class=\"wp-block-list\"><li><strong>Voir aussi :<\/strong><\/li><\/ul>\n\n\n\n<p>. Sur Catherine Deneuve :<\/p>\n\n\n\n<figure class=\"wp-block-embed is-type-wp-embed is-provider-eromakia wp-block-embed-eromakia\"><div class=\"wp-block-embed__wrapper\">\n<blockquote class=\"wp-embedded-content\" data-secret=\"ZPeboFK9G1\"><a href=\"https:\/\/eromakia.fr\/index.php\/2019\/09\/15\/en-defense-de-catherine-deneuve\/\">[Culture du voile] \u2013 En d\u00e9fense de Catherine Deneuve<\/a><\/blockquote><iframe loading=\"lazy\" class=\"wp-embedded-content\" sandbox=\"allow-scripts\" security=\"restricted\" style=\"position: absolute; clip: rect(1px, 1px, 1px, 1px);\" title=\"\u00ab\u00a0[Culture du voile] \u2013 En d\u00e9fense de Catherine Deneuve\u00a0\u00bb &#8212; Eromakia\" src=\"https:\/\/eromakia.fr\/index.php\/2019\/09\/15\/en-defense-de-catherine-deneuve\/embed\/#?secret=TX5vbXPCR6#?secret=ZPeboFK9G1\" data-secret=\"ZPeboFK9G1\" width=\"525\" height=\"296\" frameborder=\"0\" marginwidth=\"0\" marginheight=\"0\" scrolling=\"no\"><\/iframe>\n<\/div><\/figure>\n","protected":false},"excerpt":{"rendered":"<p>* J&rsquo;ai fait une exception \u00e0 mes principes et j&rsquo;ai f\u00e9minis\u00e9 les \u00ab\u00a0pompeux cornichons\u00a0\u00bb de No\u00ebl Godin. J&rsquo;aurais pu aussi \u00e9crire \u00ab\u00a0festival de con.NE.s\u00a0\u00bb, seul emploi de l&rsquo;inclusive que je m&rsquo;autorise : &#8230; mais je vais me contenter d&rsquo;une discr\u00e8te allusion \u00e0 C\u00e9sar et Pomp\u00e9e, aux nichons de l&rsquo;h\u00e9ro\u00efne de la soir\u00e9e et \u00e0 tous &hellip; <\/p>\n<p class=\"link-more\"><a href=\"https:\/\/eromakia.fr\/index.php\/2021\/03\/14\/festival-de-connes-les-cesar-et-les-pompeuses-cornichonnes\/\" class=\"more-link\">Continuer la lecture<span class=\"screen-reader-text\"> de &laquo;&nbsp;[Festival de connes] \u2013 Les C\u00e9sar 21 et les pompeuses cornichonnes&nbsp;&raquo;<\/span><\/a><\/p>\n","protected":false},"author":1,"featured_media":12724,"comment_status":"open","ping_status":"open","sticky":false,"template":"","format":"standard","meta":{"footnotes":""},"categories":[1],"tags":[],"class_list":["post-12634","post","type-post","status-publish","format-standard","has-post-thumbnail","hentry","category-non-classe"],"yoast_head":"<!-- This site is optimized with the Yoast SEO plugin v21.3 - https:\/\/yoast.com\/wordpress\/plugins\/seo\/ -->\n<title>[Festival de connes] \u2013 Les C\u00e9sar 21 et les pompeuses cornichonnes - Eromakia<\/title>\n<meta name=\"robots\" content=\"index, follow, max-snippet:-1, max-image-preview:large, max-video-preview:-1\" \/>\n<link rel=\"canonical\" href=\"https:\/\/eromakia.fr\/index.php\/2021\/03\/14\/festival-de-connes-les-cesar-et-les-pompeuses-cornichonnes\/\" \/>\n<meta property=\"og:locale\" content=\"fr_FR\" \/>\n<meta property=\"og:type\" content=\"article\" \/>\n<meta property=\"og:title\" content=\"[Festival de connes] \u2013 Les C\u00e9sar 21 et les pompeuses cornichonnes - Eromakia\" \/>\n<meta property=\"og:description\" content=\"* J&rsquo;ai fait une exception \u00e0 mes principes et j&rsquo;ai f\u00e9minis\u00e9 les \u00ab\u00a0pompeux cornichons\u00a0\u00bb de No\u00ebl Godin. J&rsquo;aurais pu aussi \u00e9crire \u00ab\u00a0festival de con.NE.s\u00a0\u00bb, seul emploi de l&rsquo;inclusive que je m&rsquo;autorise : &#8230; mais je vais me contenter d&rsquo;une discr\u00e8te allusion \u00e0 C\u00e9sar et Pomp\u00e9e, aux nichons de l&rsquo;h\u00e9ro\u00efne de la soir\u00e9e et \u00e0 tous &hellip; Continuer la lecture de &laquo;&nbsp;[Festival de connes] \u2013 Les C\u00e9sar 21 et les pompeuses cornichonnes&nbsp;&raquo;\" \/>\n<meta property=\"og:url\" content=\"https:\/\/eromakia.fr\/index.php\/2021\/03\/14\/festival-de-connes-les-cesar-et-les-pompeuses-cornichonnes\/\" \/>\n<meta property=\"og:site_name\" content=\"Eromakia\" \/>\n<meta property=\"article:published_time\" content=\"2021-03-14T18:55:31+00:00\" \/>\n<meta property=\"article:modified_time\" content=\"2021-07-20T09:19:49+00:00\" \/>\n<meta property=\"og:image\" content=\"https:\/\/eromakia.fr\/wp-content\/uploads\/2021\/03\/Masiero_Bigard.jpg\" \/>\n\t<meta property=\"og:image:width\" content=\"624\" \/>\n\t<meta property=\"og:image:height\" content=\"484\" \/>\n\t<meta property=\"og:image:type\" content=\"image\/jpeg\" \/>\n<meta name=\"author\" content=\"Eromakia\" \/>\n<meta name=\"twitter:card\" content=\"summary_large_image\" \/>\n<meta name=\"twitter:label1\" content=\"\u00c9crit par\" \/>\n\t<meta name=\"twitter:data1\" content=\"Eromakia\" \/>\n\t<meta name=\"twitter:label2\" content=\"Dur\u00e9e de lecture estim\u00e9e\" \/>\n\t<meta name=\"twitter:data2\" content=\"13 minutes\" \/>\n<script type=\"application\/ld+json\" class=\"yoast-schema-graph\">{\"@context\":\"https:\/\/schema.org\",\"@graph\":[{\"@type\":\"WebPage\",\"@id\":\"https:\/\/eromakia.fr\/index.php\/2021\/03\/14\/festival-de-connes-les-cesar-et-les-pompeuses-cornichonnes\/\",\"url\":\"https:\/\/eromakia.fr\/index.php\/2021\/03\/14\/festival-de-connes-les-cesar-et-les-pompeuses-cornichonnes\/\",\"name\":\"[Festival de connes] \u2013 Les C\u00e9sar 21 et les pompeuses cornichonnes - Eromakia\",\"isPartOf\":{\"@id\":\"https:\/\/eromakia.fr\/#website\"},\"datePublished\":\"2021-03-14T18:55:31+00:00\",\"dateModified\":\"2021-07-20T09:19:49+00:00\",\"author\":{\"@id\":\"https:\/\/eromakia.fr\/#\/schema\/person\/8d79faa25100a008a48d2cf2fab98932\"},\"breadcrumb\":{\"@id\":\"https:\/\/eromakia.fr\/index.php\/2021\/03\/14\/festival-de-connes-les-cesar-et-les-pompeuses-cornichonnes\/#breadcrumb\"},\"inLanguage\":\"fr-FR\",\"potentialAction\":[{\"@type\":\"ReadAction\",\"target\":[\"https:\/\/eromakia.fr\/index.php\/2021\/03\/14\/festival-de-connes-les-cesar-et-les-pompeuses-cornichonnes\/\"]}]},{\"@type\":\"BreadcrumbList\",\"@id\":\"https:\/\/eromakia.fr\/index.php\/2021\/03\/14\/festival-de-connes-les-cesar-et-les-pompeuses-cornichonnes\/#breadcrumb\",\"itemListElement\":[{\"@type\":\"ListItem\",\"position\":1,\"name\":\"Accueil\",\"item\":\"https:\/\/eromakia.fr\/\"},{\"@type\":\"ListItem\",\"position\":2,\"name\":\"[Festival de connes] \u2013 Les C\u00e9sar 21 et les pompeuses cornichonnes\"}]},{\"@type\":\"WebSite\",\"@id\":\"https:\/\/eromakia.fr\/#website\",\"url\":\"https:\/\/eromakia.fr\/\",\"name\":\"Eromakia\",\"description\":\"Art, Love and Fight Chronicles\",\"potentialAction\":[{\"@type\":\"SearchAction\",\"target\":{\"@type\":\"EntryPoint\",\"urlTemplate\":\"https:\/\/eromakia.fr\/?s={search_term_string}\"},\"query-input\":\"required name=search_term_string\"}],\"inLanguage\":\"fr-FR\"},{\"@type\":\"Person\",\"@id\":\"https:\/\/eromakia.fr\/#\/schema\/person\/8d79faa25100a008a48d2cf2fab98932\",\"name\":\"Eromakia\",\"image\":{\"@type\":\"ImageObject\",\"inLanguage\":\"fr-FR\",\"@id\":\"https:\/\/eromakia.fr\/#\/schema\/person\/image\/\",\"url\":\"https:\/\/secure.gravatar.com\/avatar\/8266e905c06552885a82fe6cba24493ce804a3e255e4bc4becc87202a9ce14ae?s=96&d=mm&r=g\",\"contentUrl\":\"https:\/\/secure.gravatar.com\/avatar\/8266e905c06552885a82fe6cba24493ce804a3e255e4bc4becc87202a9ce14ae?s=96&d=mm&r=g\",\"caption\":\"Eromakia\"},\"url\":\"https:\/\/eromakia.fr\/index.php\/author\/eromakia\/\"}]}<\/script>\n<!-- \/ Yoast SEO plugin. -->","yoast_head_json":{"title":"[Festival de connes] \u2013 Les C\u00e9sar 21 et les pompeuses cornichonnes - Eromakia","robots":{"index":"index","follow":"follow","max-snippet":"max-snippet:-1","max-image-preview":"max-image-preview:large","max-video-preview":"max-video-preview:-1"},"canonical":"https:\/\/eromakia.fr\/index.php\/2021\/03\/14\/festival-de-connes-les-cesar-et-les-pompeuses-cornichonnes\/","og_locale":"fr_FR","og_type":"article","og_title":"[Festival de connes] \u2013 Les C\u00e9sar 21 et les pompeuses cornichonnes - Eromakia","og_description":"* J&rsquo;ai fait une exception \u00e0 mes principes et j&rsquo;ai f\u00e9minis\u00e9 les \u00ab\u00a0pompeux cornichons\u00a0\u00bb de No\u00ebl Godin. J&rsquo;aurais pu aussi \u00e9crire \u00ab\u00a0festival de con.NE.s\u00a0\u00bb, seul emploi de l&rsquo;inclusive que je m&rsquo;autorise : &#8230; mais je vais me contenter d&rsquo;une discr\u00e8te allusion \u00e0 C\u00e9sar et Pomp\u00e9e, aux nichons de l&rsquo;h\u00e9ro\u00efne de la soir\u00e9e et \u00e0 tous &hellip; Continuer la lecture de &laquo;&nbsp;[Festival de connes] \u2013 Les C\u00e9sar 21 et les pompeuses cornichonnes&nbsp;&raquo;","og_url":"https:\/\/eromakia.fr\/index.php\/2021\/03\/14\/festival-de-connes-les-cesar-et-les-pompeuses-cornichonnes\/","og_site_name":"Eromakia","article_published_time":"2021-03-14T18:55:31+00:00","article_modified_time":"2021-07-20T09:19:49+00:00","og_image":[{"width":624,"height":484,"url":"https:\/\/eromakia.fr\/wp-content\/uploads\/2021\/03\/Masiero_Bigard.jpg","type":"image\/jpeg"}],"author":"Eromakia","twitter_card":"summary_large_image","twitter_misc":{"\u00c9crit par":"Eromakia","Dur\u00e9e de lecture estim\u00e9e":"13 minutes"},"schema":{"@context":"https:\/\/schema.org","@graph":[{"@type":"WebPage","@id":"https:\/\/eromakia.fr\/index.php\/2021\/03\/14\/festival-de-connes-les-cesar-et-les-pompeuses-cornichonnes\/","url":"https:\/\/eromakia.fr\/index.php\/2021\/03\/14\/festival-de-connes-les-cesar-et-les-pompeuses-cornichonnes\/","name":"[Festival de connes] \u2013 Les C\u00e9sar 21 et les pompeuses cornichonnes - Eromakia","isPartOf":{"@id":"https:\/\/eromakia.fr\/#website"},"datePublished":"2021-03-14T18:55:31+00:00","dateModified":"2021-07-20T09:19:49+00:00","author":{"@id":"https:\/\/eromakia.fr\/#\/schema\/person\/8d79faa25100a008a48d2cf2fab98932"},"breadcrumb":{"@id":"https:\/\/eromakia.fr\/index.php\/2021\/03\/14\/festival-de-connes-les-cesar-et-les-pompeuses-cornichonnes\/#breadcrumb"},"inLanguage":"fr-FR","potentialAction":[{"@type":"ReadAction","target":["https:\/\/eromakia.fr\/index.php\/2021\/03\/14\/festival-de-connes-les-cesar-et-les-pompeuses-cornichonnes\/"]}]},{"@type":"BreadcrumbList","@id":"https:\/\/eromakia.fr\/index.php\/2021\/03\/14\/festival-de-connes-les-cesar-et-les-pompeuses-cornichonnes\/#breadcrumb","itemListElement":[{"@type":"ListItem","position":1,"name":"Accueil","item":"https:\/\/eromakia.fr\/"},{"@type":"ListItem","position":2,"name":"[Festival de connes] \u2013 Les C\u00e9sar 21 et les pompeuses cornichonnes"}]},{"@type":"WebSite","@id":"https:\/\/eromakia.fr\/#website","url":"https:\/\/eromakia.fr\/","name":"Eromakia","description":"Art, Love and Fight Chronicles","potentialAction":[{"@type":"SearchAction","target":{"@type":"EntryPoint","urlTemplate":"https:\/\/eromakia.fr\/?s={search_term_string}"},"query-input":"required name=search_term_string"}],"inLanguage":"fr-FR"},{"@type":"Person","@id":"https:\/\/eromakia.fr\/#\/schema\/person\/8d79faa25100a008a48d2cf2fab98932","name":"Eromakia","image":{"@type":"ImageObject","inLanguage":"fr-FR","@id":"https:\/\/eromakia.fr\/#\/schema\/person\/image\/","url":"https:\/\/secure.gravatar.com\/avatar\/8266e905c06552885a82fe6cba24493ce804a3e255e4bc4becc87202a9ce14ae?s=96&d=mm&r=g","contentUrl":"https:\/\/secure.gravatar.com\/avatar\/8266e905c06552885a82fe6cba24493ce804a3e255e4bc4becc87202a9ce14ae?s=96&d=mm&r=g","caption":"Eromakia"},"url":"https:\/\/eromakia.fr\/index.php\/author\/eromakia\/"}]}},"_links":{"self":[{"href":"https:\/\/eromakia.fr\/index.php\/wp-json\/wp\/v2\/posts\/12634","targetHints":{"allow":["GET"]}}],"collection":[{"href":"https:\/\/eromakia.fr\/index.php\/wp-json\/wp\/v2\/posts"}],"about":[{"href":"https:\/\/eromakia.fr\/index.php\/wp-json\/wp\/v2\/types\/post"}],"author":[{"embeddable":true,"href":"https:\/\/eromakia.fr\/index.php\/wp-json\/wp\/v2\/users\/1"}],"replies":[{"embeddable":true,"href":"https:\/\/eromakia.fr\/index.php\/wp-json\/wp\/v2\/comments?post=12634"}],"version-history":[{"count":238,"href":"https:\/\/eromakia.fr\/index.php\/wp-json\/wp\/v2\/posts\/12634\/revisions"}],"predecessor-version":[{"id":16435,"href":"https:\/\/eromakia.fr\/index.php\/wp-json\/wp\/v2\/posts\/12634\/revisions\/16435"}],"wp:featuredmedia":[{"embeddable":true,"href":"https:\/\/eromakia.fr\/index.php\/wp-json\/wp\/v2\/media\/12724"}],"wp:attachment":[{"href":"https:\/\/eromakia.fr\/index.php\/wp-json\/wp\/v2\/media?parent=12634"}],"wp:term":[{"taxonomy":"category","embeddable":true,"href":"https:\/\/eromakia.fr\/index.php\/wp-json\/wp\/v2\/categories?post=12634"},{"taxonomy":"post_tag","embeddable":true,"href":"https:\/\/eromakia.fr\/index.php\/wp-json\/wp\/v2\/tags?post=12634"}],"curies":[{"name":"wp","href":"https:\/\/api.w.org\/{rel}","templated":true}]}}